{"id":201,"date":"2017-05-31T15:00:31","date_gmt":"2017-05-31T13:00:31","guid":{"rendered":"https:\/\/kulturmanagement-online.de\/daniel\/?p=201"},"modified":"2017-06-01T07:27:36","modified_gmt":"2017-06-01T05:27:36","slug":"social-software-de-relaunch","status":"publish","type":"post","link":"https:\/\/kulturmanagement-online.de\/daniel\/2017\/05\/31\/social-software-de-relaunch\/","title":{"rendered":"social-software.de &#8211; Relaunch"},"content":{"rendered":"<p>Im Jahre 2005 gr\u00fcndete ich das Portal social-software.de. Anders als der Name erwarten l\u00e4sst, ging es um eine Markt\u00fcbersicht f\u00fcr Software-Anwendungen im Sozial- und Gesundheitswesen.<!--more--><\/p>\n<p>2013 \u00fcbergab ich das Portal an Uwe Huchler. Am heutigen Tag wurde ein Relaunch ver\u00f6ffentlicht und die Technik an zeitgem\u00e4\u00dfe Standards angepa\u00dft. Viel Erfolg weiterhin.<\/p>\n<p><a href=\"http:\/\/social-software.de\" data-wpel-link=\"external\" target=\"_self\" rel=\"external noopener noreferrer\" title=\"Externer Link zu: \" class=\"wpel-icon-right\">www-social-software.de<i class=\"wpel-icon fa fa-external-link-square\" aria-hidden=\"true\"><\/i><\/a><\/p>\n","protected":false},"excerpt":{"rendered":"<p>Im Jahre 2005 gr\u00fcndete ich das Portal social-software.de. Anders als der Name erwarten l\u00e4sst, ging es um eine Markt\u00fcbersicht f\u00fcr Software-Anwendungen im Sozial- und Gesundheitswesen.<\/p>\n","protected":false},"author":2,"featured_media":220,"comment_status":"closed","ping_status":"closed","sticky":false,"template":"","format":"standard","meta":{"inline_featured_image":false,"_uag_custom_page_level_css":"","jetpack_post_was_ever_published":false,"_jetpack_newsletter_access":"","_jetpack_dont_email_post_to_subs":false,"_jetpack_newsletter_tier_id":0,"_jetpack_memberships_contains_paywalled_content":false,"_jetpack_memberships_contains_paid_content":false,"footnotes":""},"categories":[3],"tags":[7,6],"class_list":["post-201","post","type-post","status-publish","format-standard","has-post-thumbnail","hentry","category-partner","tag-social-software-de","tag-socialnet"],"jetpack_featured_media_url":"https:\/\/i0.wp.com\/kulturmanagement-online.de\/daniel\/files\/2017\/05\/2017-05-31-21_33_06-Startseite-_-social-software.de_.png?fit=1174%2C550&ssl=1","uagb_featured_image_src":{"full":["https:\/\/i0.wp.com\/kulturmanagement-online.de\/daniel\/files\/2017\/05\/2017-05-31-21_33_06-Startseite-_-social-software.de_.png?fit=1174%2C550&ssl=1",1174,550,false],"thumbnail":["https:\/\/i0.wp.com\/kulturmanagement-online.de\/daniel\/files\/2017\/05\/2017-05-31-21_33_06-Startseite-_-social-software.de_.png?resize=150%2C150&ssl=1",150,150,true],"medium":["https:\/\/i0.wp.com\/kulturmanagement-online.de\/daniel\/files\/2017\/05\/2017-05-31-21_33_06-Startseite-_-social-software.de_.png?fit=300%2C141&ssl=1",300,141,true],"medium_large":["https:\/\/i0.wp.com\/kulturmanagement-online.de\/daniel\/files\/2017\/05\/2017-05-31-21_33_06-Startseite-_-social-software.de_.png?fit=768%2C360&ssl=1",768,360,true],"large":["https:\/\/i0.wp.com\/kulturmanagement-online.de\/daniel\/files\/2017\/05\/2017-05-31-21_33_06-Startseite-_-social-software.de_.png?fit=1024%2C480&ssl=1",1024,480,true],"1536x1536":["https:\/\/i0.wp.com\/kulturmanagement-online.de\/daniel\/files\/2017\/05\/2017-05-31-21_33_06-Startseite-_-social-software.de_.png?fit=1174%2C550&ssl=1",1174,550,true],"2048x2048":["https:\/\/i0.wp.com\/kulturmanagement-online.de\/daniel\/files\/2017\/05\/2017-05-31-21_33_06-Startseite-_-social-software.de_.png?fit=1174%2C550&ssl=1",1174,550,true]},"uagb_author_info":{"display_name":"D.","author_link":"https:\/\/kulturmanagement-online.de\/daniel\/author\/daniel\/"},"uagb_comment_info":0,"uagb_excerpt":"Im Jahre 2005 gr\u00fcndete ich das Portal social-software.de. Anders als der Name erwarten l\u00e4sst, ging es um eine Markt\u00fcbersicht f\u00fcr Software-Anwendungen im Sozial- und Gesundheitswesen.","jetpack_shortlink":"https:\/\/wp.me\/p8KGV1-3f","jetpack-related-posts":[{"id":245,"url":"https:\/\/kulturmanagement-online.de\/daniel\/2017\/07\/09\/weitere-arbeitsgruppen-und-beiraete-im-junijuli\/","url_meta":{"origin":201,"position":0},"title":"Weitere Arbeitsgruppen und Beir\u00e4te im Juni\/Juli","author":"D.","date":"9. Juli 2017","format":false,"excerpt":"In den letzten Wochen war ich viel unterwegs. Zwei interessante Arbeitsgruppen \/ Beir\u00e4te in denen ich f\u00fcr das KDA mitwirke, m\u00f6chte ich gerne kurz vorstellen: Die AG Neue Medien der BAGSO tagt zweimal im Jahr zu aktuellen Themen. Der Beirat des Projekts Verbraucherscouts NRW der Verbraucherzentrale NRW.","rel":"","context":"In &quot;Referate, Workshops und Gremien&quot;","block_context":{"text":"Referate, Workshops und Gremien","link":"https:\/\/kulturmanagement-online.de\/daniel\/category\/referate-und-workshops\/"},"img":{"alt_text":"Konferenztisch","src":"https:\/\/i0.wp.com\/kulturmanagement-online.de\/daniel\/files\/2017\/07\/conference-1886023_1920.jpg?fit=1200%2C800&ssl=1&resize=350%2C200","width":350,"height":200,"srcset":"https:\/\/i0.wp.com\/kulturmanagement-online.de\/daniel\/files\/2017\/07\/conference-1886023_1920.jpg?fit=1200%2C800&ssl=1&resize=350%2C200 1x, https:\/\/i0.wp.com\/kulturmanagement-online.de\/daniel\/files\/2017\/07\/conference-1886023_1920.jpg?fit=1200%2C800&ssl=1&resize=525%2C300 1.5x, https:\/\/i0.wp.com\/kulturmanagement-online.de\/daniel\/files\/2017\/07\/conference-1886023_1920.jpg?fit=1200%2C800&ssl=1&resize=700%2C400 2x, https:\/\/i0.wp.com\/kulturmanagement-online.de\/daniel\/files\/2017\/07\/conference-1886023_1920.jpg?fit=1200%2C800&ssl=1&resize=1050%2C600 3x"},"classes":[]},{"id":263,"url":"https:\/\/kulturmanagement-online.de\/daniel\/2018\/01\/22\/die-digitalisierungswelle-erfasst-auch-die-seniorenarbeit-mit-stellenausschreibung\/","url_meta":{"origin":201,"position":1},"title":"Die Digitalisierungswelle erfasst auch die Seniorenarbeit (mit Stellenausschreibung)","author":"D.","date":"22. Januar 2018","format":false,"excerpt":"Ende letzten Jahres nahm ich an einigen Arbeitsgruppe und Beir\u00e4ten teil, die deutlich machen, dass die Digitalisierungswelle nun auch auf die Seniorenarbeit zukommt. Das Themenspektrum ist breit und reicht von der Neuausrichtung von Bildungsszenarien f\u00fcr die Zielgruppe \u00e4lterer Menschen bis hin zu konkreteren Themen, wie Nachbarschaftsarbeit f\u00fcr \u00c4ltere auch durch\u2026","rel":"","context":"In &quot;Digitales&quot;","block_context":{"text":"Digitales","link":"https:\/\/kulturmanagement-online.de\/daniel\/category\/digitales\/"},"img":{"alt_text":"Zahnr\u00e4der im Netzwerk","src":"https:\/\/i0.wp.com\/kulturmanagement-online.de\/daniel\/files\/2018\/01\/business-2082639.jpg?fit=1200%2C675&ssl=1&resize=350%2C200","width":350,"height":200,"srcset":"https:\/\/i0.wp.com\/kulturmanagement-online.de\/daniel\/files\/2018\/01\/business-2082639.jpg?fit=1200%2C675&ssl=1&resize=350%2C200 1x, https:\/\/i0.wp.com\/kulturmanagement-online.de\/daniel\/files\/2018\/01\/business-2082639.jpg?fit=1200%2C675&ssl=1&resize=525%2C300 1.5x, https:\/\/i0.wp.com\/kulturmanagement-online.de\/daniel\/files\/2018\/01\/business-2082639.jpg?fit=1200%2C675&ssl=1&resize=700%2C400 2x, https:\/\/i0.wp.com\/kulturmanagement-online.de\/daniel\/files\/2018\/01\/business-2082639.jpg?fit=1200%2C675&ssl=1&resize=1050%2C600 3x"},"classes":[]},{"id":257,"url":"https:\/\/kulturmanagement-online.de\/daniel\/2017\/09\/22\/rehacare-kongress-2017-wir-fuers-quartier\/","url_meta":{"origin":201,"position":2},"title":"REHACARE-Kongress 2017 &#8222;Wir f\u00fcrs Quartier&#8220;","author":"D.","date":"22. September 2017","format":false,"excerpt":"Am 6. Oktober 2017 im Messe- und Kongresszentrum D\u00fcsseldorf habe ich die M\u00f6glichkeit das Projekt unser-quartier.de im Rahmen von Thementischen mit Fachpublikum, insbesondere unter Aspekten der Nachhaltigkeit, zu diskutieren. Im angegliederten Quartiersmarkt wird das Forum Seniorenarbeit mit einem Infostand vertreten sein. Tisch 5: Technische Modelle f\u00fcrs Quartier Virtuelle Quartiersportale -\u2026","rel":"","context":"In &quot;Referate, Workshops und Gremien&quot;","block_context":{"text":"Referate, Workshops und Gremien","link":"https:\/\/kulturmanagement-online.de\/daniel\/category\/referate-und-workshops\/"},"img":{"alt_text":"Logo des REHACARE Kongress 2017","src":"https:\/\/i0.wp.com\/kulturmanagement-online.de\/daniel\/files\/2017\/09\/Logo-REHACARE-Kongress-2017.jpg?fit=500%2C250&ssl=1&resize=350%2C200","width":350,"height":200},"classes":[]},{"id":222,"url":"https:\/\/kulturmanagement-online.de\/daniel\/2017\/02\/08\/workshop-auf-dem-fachtag-vernetz-oder-abgehaengt\/","url_meta":{"origin":201,"position":3},"title":"Workshop auf dem Fachtag &#8222;Vernetz oder abgeh\u00e4ngt?!&#8220;","author":"D.","date":"8. Februar 2017","format":false,"excerpt":"Am 30. Januar 2017 in Stuttgart hatte ich die M\u00f6glichkeit das Konzept unser-quartier.de auf dem Fachtag Vernetzt oder abgeh\u00e4ngt?! Zusammenleben und Teilhabe \u00e4lterer Menschen im digitalen Zeitalter zu pr\u00e4sentieren und mit dem Publikum zu diskutieren. Die Pr\u00e4sentation ist online verf\u00fcgbar: Digitale Lebenswelten in Quartier und Nachbarschaft Website zum Fachtag Foto:\u2026","rel":"","context":"In &quot;Referate, Workshops und Gremien&quot;","block_context":{"text":"Referate, Workshops und Gremien","link":"https:\/\/kulturmanagement-online.de\/daniel\/category\/referate-und-workshops\/"},"img":{"alt_text":"","src":"https:\/\/i0.wp.com\/kulturmanagement-online.de\/daniel\/files\/2017\/05\/Fachtag-Baden-W%C3%BCrtemmberg-01-2017.jpg?fit=810%2C540&ssl=1&resize=350%2C200","width":350,"height":200,"srcset":"https:\/\/i0.wp.com\/kulturmanagement-online.de\/daniel\/files\/2017\/05\/Fachtag-Baden-W%C3%BCrtemmberg-01-2017.jpg?fit=810%2C540&ssl=1&resize=350%2C200 1x, https:\/\/i0.wp.com\/kulturmanagement-online.de\/daniel\/files\/2017\/05\/Fachtag-Baden-W%C3%BCrtemmberg-01-2017.jpg?fit=810%2C540&ssl=1&resize=525%2C300 1.5x, https:\/\/i0.wp.com\/kulturmanagement-online.de\/daniel\/files\/2017\/05\/Fachtag-Baden-W%C3%BCrtemmberg-01-2017.jpg?fit=810%2C540&ssl=1&resize=700%2C400 2x"},"classes":[]},{"id":242,"url":"https:\/\/kulturmanagement-online.de\/daniel\/2017\/06\/12\/fachgespraech-sozialraum-digital\/","url_meta":{"origin":201,"position":4},"title":"Fachgespr\u00e4ch Sozialraum Digital","author":"D.","date":"12. Juni 2017","format":false,"excerpt":"Im Rahmen des Digitalgipfels der Bundesregierung war ich f\u00fcr das KDA heute zum Fachgespr\u00e4ch \u201eSozialraum Digital \u2013 \u00c4ltere Menschen als Co-Entwickler neuer Technik\" in Ludwigshafen eingeladen. In den R\u00e4umen des Ernst Bloch Zentrums f\u00fchrten zun\u00e4chst Prof. Dr. Claudia M\u00fcller von der Universit\u00e4t Siegen und anschlie\u00dfend Prof. Dr. Sabine Sachweh von\u2026","rel":"","context":"In &quot;Referate, Workshops und Gremien&quot;","block_context":{"text":"Referate, Workshops und Gremien","link":"https:\/\/kulturmanagement-online.de\/daniel\/category\/referate-und-workshops\/"},"img":{"alt_text":"Ernst Bloch Zentrum","src":"https:\/\/i0.wp.com\/kulturmanagement-online.de\/daniel\/files\/2017\/06\/photo_2017-06-12_22-02-57.jpg?fit=1200%2C675&ssl=1&resize=350%2C200","width":350,"height":200,"srcset":"https:\/\/i0.wp.com\/kulturmanagement-online.de\/daniel\/files\/2017\/06\/photo_2017-06-12_22-02-57.jpg?fit=1200%2C675&ssl=1&resize=350%2C200 1x, https:\/\/i0.wp.com\/kulturmanagement-online.de\/daniel\/files\/2017\/06\/photo_2017-06-12_22-02-57.jpg?fit=1200%2C675&ssl=1&resize=525%2C300 1.5x, https:\/\/i0.wp.com\/kulturmanagement-online.de\/daniel\/files\/2017\/06\/photo_2017-06-12_22-02-57.jpg?fit=1200%2C675&ssl=1&resize=700%2C400 2x, https:\/\/i0.wp.com\/kulturmanagement-online.de\/daniel\/files\/2017\/06\/photo_2017-06-12_22-02-57.jpg?fit=1200%2C675&ssl=1&resize=1050%2C600 3x"},"classes":[]},{"id":248,"url":"https:\/\/kulturmanagement-online.de\/daniel\/2017\/07\/09\/website-zum-sommerspektakel-international-2017\/","url_meta":{"origin":201,"position":5},"title":"Website zum Sommerspektakel international #2017","author":"D.","date":"9. Juli 2017","format":false,"excerpt":"Auch in diesem Jahr konnte ich wieder die Website zum Sommerspektakel international f\u00fcr Kinder und Jugendliche in Leverkusen aktualisieren. Neben einigen kleineren technischen Anpassungen standen in erster Linie redaktionelle Aufgaben im Vordergrund. Das Sommerspektakel wird in diesem Jahr zum Dritten Mal unter der Stelzenbr\u00fccke durchgef\u00fchrt. Organisiert wird es von der\u2026","rel":"","context":"In &quot;Digitales&quot;","block_context":{"text":"Digitales","link":"https:\/\/kulturmanagement-online.de\/daniel\/category\/digitales\/"},"img":{"alt_text":"Screenshot 2017 der Website zum Sommerspektakel LEV","src":"https:\/\/i0.wp.com\/kulturmanagement-online.de\/daniel\/files\/2017\/07\/2017-07-09-17_24_10-Sommerspektakel-International-2017-%E2%80%93-F%C3%BCr-Kinder-und-Jugendliche.png?fit=1194%2C758&ssl=1&resize=350%2C200","width":350,"height":200,"srcset":"https:\/\/i0.wp.com\/kulturmanagement-online.de\/daniel\/files\/2017\/07\/2017-07-09-17_24_10-Sommerspektakel-International-2017-%E2%80%93-F%C3%BCr-Kinder-und-Jugendliche.png?fit=1194%2C758&ssl=1&resize=350%2C200 1x, https:\/\/i0.wp.com\/kulturmanagement-online.de\/daniel\/files\/2017\/07\/2017-07-09-17_24_10-Sommerspektakel-International-2017-%E2%80%93-F%C3%BCr-Kinder-und-Jugendliche.png?fit=1194%2C758&ssl=1&resize=525%2C300 1.5x, https:\/\/i0.wp.com\/kulturmanagement-online.de\/daniel\/files\/2017\/07\/2017-07-09-17_24_10-Sommerspektakel-International-2017-%E2%80%93-F%C3%BCr-Kinder-und-Jugendliche.png?fit=1194%2C758&ssl=1&resize=700%2C400 2x, https:\/\/i0.wp.com\/kulturmanagement-online.de\/daniel\/files\/2017\/07\/2017-07-09-17_24_10-Sommerspektakel-International-2017-%E2%80%93-F%C3%BCr-Kinder-und-Jugendliche.png?fit=1194%2C758&ssl=1&resize=1050%2C600 3x"},"classes":[]}],"jetpack_sharing_enabled":true,"_links":{"self":[{"href":"https:\/\/kulturmanagement-online.de\/daniel\/wp-json\/wp\/v2\/posts\/201","targetHints":{"allow":["GET"]}}],"collection":[{"href":"https:\/\/kulturmanagement-online.de\/daniel\/wp-json\/wp\/v2\/posts"}],"about":[{"href":"https:\/\/kulturmanagement-online.de\/daniel\/wp-json\/wp\/v2\/types\/post"}],"author":[{"embeddable":true,"href":"https:\/\/kulturmanagement-online.de\/daniel\/wp-json\/wp\/v2\/users\/2"}],"replies":[{"embeddable":true,"href":"https:\/\/kulturmanagement-online.de\/daniel\/wp-json\/wp\/v2\/comments?post=201"}],"version-history":[{"count":0,"href":"https:\/\/kulturmanagement-online.de\/daniel\/wp-json\/wp\/v2\/posts\/201\/revisions"}],"wp:featuredmedia":[{"embeddable":true,"href":"https:\/\/kulturmanagement-online.de\/daniel\/wp-json\/wp\/v2\/media\/220"}],"wp:attachment":[{"href":"https:\/\/kulturmanagement-online.de\/daniel\/wp-json\/wp\/v2\/media?parent=201"}],"wp:term":[{"taxonomy":"category","embeddable":true,"href":"https:\/\/kulturmanagement-online.de\/daniel\/wp-json\/wp\/v2\/categories?post=201"},{"taxonomy":"post_tag","embeddable":true,"href":"https:\/\/kulturmanagement-online.de\/daniel\/wp-json\/wp\/v2\/tags?post=201"}],"curies":[{"name":"wp","href":"https:\/\/api.w.org\/{rel}","templated":true}]}}