{"id":228,"date":"2017-03-29T19:10:28","date_gmt":"2017-03-29T17:10:28","guid":{"rendered":"https:\/\/kulturmanagement-online.de\/daniel\/?p=228"},"modified":"2017-06-03T11:42:08","modified_gmt":"2017-06-03T09:42:08","slug":"ak-demografiebeauftragte-des-kreises-recklinghausen","status":"publish","type":"post","link":"https:\/\/kulturmanagement-online.de\/daniel\/2017\/03\/29\/ak-demografiebeauftragte-des-kreises-recklinghausen\/","title":{"rendered":"AK Demografiebeauftragte des Kreises Recklinghausen"},"content":{"rendered":"<p>Heute war ein besonderer Tag. Auf Einladung des Arbeitskreises der Demografiebauftragten des Kreises Recklinghausen hatte ich die M\u00f6glichkeit \u00fcber Quartiersportale und Handlungsm\u00f6glichkeiten der Kommunen zu diskutieren.<!--more--><\/p>\n<p>Als zweite Referentin war Prof. Dr. Sachweh von TU Dortmund geladen und <a href=\"http:\/\/www.quartiersnetz.de\" data-wpel-link=\"external\" target=\"_self\" rel=\"external noopener noreferrer\" title=\"Externer Link zu: \" class=\"wpel-icon-right\">pr\u00e4sentierte das Quartiersnetz Gelsenkirchen<i class=\"wpel-icon fa fa-external-link-square\" aria-hidden=\"true\"><\/i><\/a>.<\/p>\n","protected":false},"excerpt":{"rendered":"<p>Heute war ein besonderer Tag. Auf Einladung des Arbeitskreises der Demografiebauftragten des Kreises Recklinghausen hatte ich die M\u00f6glichkeit \u00fcber Quartiersportale und Handlungsm\u00f6glichkeiten der Kommunen zu diskutieren.<\/p>\n","protected":false},"author":2,"featured_media":234,"comment_status":"closed","ping_status":"closed","sticky":false,"template":"","format":"standard","meta":{"inline_featured_image":false,"_uag_custom_page_level_css":"","jetpack_post_was_ever_published":false,"_jetpack_newsletter_access":"","_jetpack_dont_email_post_to_subs":false,"_jetpack_newsletter_tier_id":0,"_jetpack_memberships_contains_paywalled_content":false,"_jetpack_memberships_contains_paid_content":false,"footnotes":""},"categories":[5],"tags":[8,9],"class_list":["post-228","post","type-post","status-publish","format-standard","has-post-thumbnail","hentry","category-referate-und-workshops","tag-kda","tag-unser-quartier-de"],"jetpack_featured_media_url":"https:\/\/i0.wp.com\/kulturmanagement-online.de\/daniel\/files\/2017\/03\/2017-06-03-11_38_46-Store.png?fit=918%2C519&ssl=1","uagb_featured_image_src":{"full":["https:\/\/i0.wp.com\/kulturmanagement-online.de\/daniel\/files\/2017\/03\/2017-06-03-11_38_46-Store.png?fit=918%2C519&ssl=1",918,519,false],"thumbnail":["https:\/\/i0.wp.com\/kulturmanagement-online.de\/daniel\/files\/2017\/03\/2017-06-03-11_38_46-Store.png?resize=150%2C150&ssl=1",150,150,true],"medium":["https:\/\/i0.wp.com\/kulturmanagement-online.de\/daniel\/files\/2017\/03\/2017-06-03-11_38_46-Store.png?fit=300%2C170&ssl=1",300,170,true],"medium_large":["https:\/\/i0.wp.com\/kulturmanagement-online.de\/daniel\/files\/2017\/03\/2017-06-03-11_38_46-Store.png?fit=768%2C434&ssl=1",768,434,true],"large":["https:\/\/i0.wp.com\/kulturmanagement-online.de\/daniel\/files\/2017\/03\/2017-06-03-11_38_46-Store.png?fit=918%2C519&ssl=1",918,519,true],"1536x1536":["https:\/\/i0.wp.com\/kulturmanagement-online.de\/daniel\/files\/2017\/03\/2017-06-03-11_38_46-Store.png?fit=918%2C519&ssl=1",918,519,true],"2048x2048":["https:\/\/i0.wp.com\/kulturmanagement-online.de\/daniel\/files\/2017\/03\/2017-06-03-11_38_46-Store.png?fit=918%2C519&ssl=1",918,519,true]},"uagb_author_info":{"display_name":"D.","author_link":"https:\/\/kulturmanagement-online.de\/daniel\/author\/daniel\/"},"uagb_comment_info":0,"uagb_excerpt":"Heute war ein besonderer Tag. Auf Einladung des Arbeitskreises der Demografiebauftragten des Kreises Recklinghausen hatte ich die M\u00f6glichkeit \u00fcber Quartiersportale und Handlungsm\u00f6glichkeiten der Kommunen zu diskutieren.","jetpack_shortlink":"https:\/\/wp.me\/p8KGV1-3G","jetpack-related-posts":[{"id":242,"url":"https:\/\/kulturmanagement-online.de\/daniel\/2017\/06\/12\/fachgespraech-sozialraum-digital\/","url_meta":{"origin":228,"position":0},"title":"Fachgespr\u00e4ch Sozialraum Digital","author":"D.","date":"12. Juni 2017","format":false,"excerpt":"Im Rahmen des Digitalgipfels der Bundesregierung war ich f\u00fcr das KDA heute zum Fachgespr\u00e4ch \u201eSozialraum Digital \u2013 \u00c4ltere Menschen als Co-Entwickler neuer Technik\" in Ludwigshafen eingeladen. In den R\u00e4umen des Ernst Bloch Zentrums f\u00fchrten zun\u00e4chst Prof. Dr. Claudia M\u00fcller von der Universit\u00e4t Siegen und anschlie\u00dfend Prof. Dr. Sabine Sachweh von\u2026","rel":"","context":"In &quot;Referate, Workshops und Gremien&quot;","block_context":{"text":"Referate, Workshops und Gremien","link":"https:\/\/kulturmanagement-online.de\/daniel\/category\/referate-und-workshops\/"},"img":{"alt_text":"Ernst Bloch Zentrum","src":"https:\/\/i0.wp.com\/kulturmanagement-online.de\/daniel\/files\/2017\/06\/photo_2017-06-12_22-02-57.jpg?fit=1200%2C675&ssl=1&resize=350%2C200","width":350,"height":200,"srcset":"https:\/\/i0.wp.com\/kulturmanagement-online.de\/daniel\/files\/2017\/06\/photo_2017-06-12_22-02-57.jpg?fit=1200%2C675&ssl=1&resize=350%2C200 1x, https:\/\/i0.wp.com\/kulturmanagement-online.de\/daniel\/files\/2017\/06\/photo_2017-06-12_22-02-57.jpg?fit=1200%2C675&ssl=1&resize=525%2C300 1.5x, https:\/\/i0.wp.com\/kulturmanagement-online.de\/daniel\/files\/2017\/06\/photo_2017-06-12_22-02-57.jpg?fit=1200%2C675&ssl=1&resize=700%2C400 2x, https:\/\/i0.wp.com\/kulturmanagement-online.de\/daniel\/files\/2017\/06\/photo_2017-06-12_22-02-57.jpg?fit=1200%2C675&ssl=1&resize=1050%2C600 3x"},"classes":[]},{"id":245,"url":"https:\/\/kulturmanagement-online.de\/daniel\/2017\/07\/09\/weitere-arbeitsgruppen-und-beiraete-im-junijuli\/","url_meta":{"origin":228,"position":1},"title":"Weitere Arbeitsgruppen und Beir\u00e4te im Juni\/Juli","author":"D.","date":"9. Juli 2017","format":false,"excerpt":"In den letzten Wochen war ich viel unterwegs. Zwei interessante Arbeitsgruppen \/ Beir\u00e4te in denen ich f\u00fcr das KDA mitwirke, m\u00f6chte ich gerne kurz vorstellen: Die AG Neue Medien der BAGSO tagt zweimal im Jahr zu aktuellen Themen. Der Beirat des Projekts Verbraucherscouts NRW der Verbraucherzentrale NRW.","rel":"","context":"In &quot;Referate, Workshops und Gremien&quot;","block_context":{"text":"Referate, Workshops und Gremien","link":"https:\/\/kulturmanagement-online.de\/daniel\/category\/referate-und-workshops\/"},"img":{"alt_text":"Konferenztisch","src":"https:\/\/i0.wp.com\/kulturmanagement-online.de\/daniel\/files\/2017\/07\/conference-1886023_1920.jpg?fit=1200%2C800&ssl=1&resize=350%2C200","width":350,"height":200,"srcset":"https:\/\/i0.wp.com\/kulturmanagement-online.de\/daniel\/files\/2017\/07\/conference-1886023_1920.jpg?fit=1200%2C800&ssl=1&resize=350%2C200 1x, https:\/\/i0.wp.com\/kulturmanagement-online.de\/daniel\/files\/2017\/07\/conference-1886023_1920.jpg?fit=1200%2C800&ssl=1&resize=525%2C300 1.5x, https:\/\/i0.wp.com\/kulturmanagement-online.de\/daniel\/files\/2017\/07\/conference-1886023_1920.jpg?fit=1200%2C800&ssl=1&resize=700%2C400 2x, https:\/\/i0.wp.com\/kulturmanagement-online.de\/daniel\/files\/2017\/07\/conference-1886023_1920.jpg?fit=1200%2C800&ssl=1&resize=1050%2C600 3x"},"classes":[]},{"id":289,"url":"https:\/\/kulturmanagement-online.de\/daniel\/2019\/07\/28\/mediathek-mit-digitalen-werkzeugen-und-tellerand-kompakt\/","url_meta":{"origin":228,"position":2},"title":"Mediathek mit digitalen Werkzeugen und Tellerand.kompakt","author":"D.","date":"28. Juli 2019","format":false,"excerpt":"Digitalisierung stellt viele Organisationen vor scheinbar unl\u00f6sbare Schwierigkeiten. Im Rahmen meiner T\u00e4tigkeit beim Kuratorium Deutsche Altershilfe im Rahmen des Projekts Forum Seniorenarbeit NRW - Digitale Ideen f\u00fcr Sozialraum und Nachbarschaft bauen wir zur Zeit\u00a0 eine Mediathek auf, in der wir erfolgversprechende Werkzeuge sammeln, die Referenzprojekte in sozialen Arbeitsfeldern bzw. der\u2026","rel":"","context":"In &quot;Digitales&quot;","block_context":{"text":"Digitales","link":"https:\/\/kulturmanagement-online.de\/daniel\/category\/digitales\/"},"img":{"alt_text":"Werkzeuge","src":"https:\/\/i0.wp.com\/kulturmanagement-online.de\/daniel\/files\/2019\/07\/tools-155856.png?fit=1200%2C798&ssl=1&resize=350%2C200","width":350,"height":200,"srcset":"https:\/\/i0.wp.com\/kulturmanagement-online.de\/daniel\/files\/2019\/07\/tools-155856.png?fit=1200%2C798&ssl=1&resize=350%2C200 1x, https:\/\/i0.wp.com\/kulturmanagement-online.de\/daniel\/files\/2019\/07\/tools-155856.png?fit=1200%2C798&ssl=1&resize=525%2C300 1.5x, https:\/\/i0.wp.com\/kulturmanagement-online.de\/daniel\/files\/2019\/07\/tools-155856.png?fit=1200%2C798&ssl=1&resize=700%2C400 2x, https:\/\/i0.wp.com\/kulturmanagement-online.de\/daniel\/files\/2019\/07\/tools-155856.png?fit=1200%2C798&ssl=1&resize=1050%2C600 3x"},"classes":[]},{"id":263,"url":"https:\/\/kulturmanagement-online.de\/daniel\/2018\/01\/22\/die-digitalisierungswelle-erfasst-auch-die-seniorenarbeit-mit-stellenausschreibung\/","url_meta":{"origin":228,"position":3},"title":"Die Digitalisierungswelle erfasst auch die Seniorenarbeit (mit Stellenausschreibung)","author":"D.","date":"22. Januar 2018","format":false,"excerpt":"Ende letzten Jahres nahm ich an einigen Arbeitsgruppe und Beir\u00e4ten teil, die deutlich machen, dass die Digitalisierungswelle nun auch auf die Seniorenarbeit zukommt. Das Themenspektrum ist breit und reicht von der Neuausrichtung von Bildungsszenarien f\u00fcr die Zielgruppe \u00e4lterer Menschen bis hin zu konkreteren Themen, wie Nachbarschaftsarbeit f\u00fcr \u00c4ltere auch durch\u2026","rel":"","context":"In &quot;Digitales&quot;","block_context":{"text":"Digitales","link":"https:\/\/kulturmanagement-online.de\/daniel\/category\/digitales\/"},"img":{"alt_text":"Zahnr\u00e4der im Netzwerk","src":"https:\/\/i0.wp.com\/kulturmanagement-online.de\/daniel\/files\/2018\/01\/business-2082639.jpg?fit=1200%2C675&ssl=1&resize=350%2C200","width":350,"height":200,"srcset":"https:\/\/i0.wp.com\/kulturmanagement-online.de\/daniel\/files\/2018\/01\/business-2082639.jpg?fit=1200%2C675&ssl=1&resize=350%2C200 1x, https:\/\/i0.wp.com\/kulturmanagement-online.de\/daniel\/files\/2018\/01\/business-2082639.jpg?fit=1200%2C675&ssl=1&resize=525%2C300 1.5x, https:\/\/i0.wp.com\/kulturmanagement-online.de\/daniel\/files\/2018\/01\/business-2082639.jpg?fit=1200%2C675&ssl=1&resize=700%2C400 2x, https:\/\/i0.wp.com\/kulturmanagement-online.de\/daniel\/files\/2018\/01\/business-2082639.jpg?fit=1200%2C675&ssl=1&resize=1050%2C600 3x"},"classes":[]},{"id":268,"url":"https:\/\/kulturmanagement-online.de\/daniel\/2018\/03\/30\/rundbrief-stadtteilarbeit-1-2017\/","url_meta":{"origin":228,"position":4},"title":"Rundbrief Stadtteilarbeit 1-2017","author":"D.","date":"30. M\u00e4rz 2018","format":false,"excerpt":"Im Rundbrief Stadtteilarbeit des Verbands f\u00fcr sozial-kulturelle Arbeit e.V. erschien ein langer Projektbericht \u00fcber meine Arbeit im Rahmen des Projekts unser-quartier.de: Offene Plattformen als Instrument der Quartiersentwicklung und Engagementfeld f\u00fcr \u00e4ltere Menschen Der Rundbrief kann direkt von der Website des Verbands heruntergeladen werden: Website des Verband f\u00fcr sozial-kulturelle Arbeit e.V.\u2026","rel":"","context":"In &quot;Ver\u00f6ffentlichungen&quot;","block_context":{"text":"Ver\u00f6ffentlichungen","link":"https:\/\/kulturmanagement-online.de\/daniel\/category\/veroeffentlichungen\/"},"img":{"alt_text":"Cover Rundbrief Stadtteilarbeit","src":"https:\/\/i0.wp.com\/kulturmanagement-online.de\/daniel\/files\/2018\/03\/2018-03-30-20_55_45-rundbrief_1-2017_web.pdf.png?fit=1200%2C489&ssl=1&resize=350%2C200","width":350,"height":200,"srcset":"https:\/\/i0.wp.com\/kulturmanagement-online.de\/daniel\/files\/2018\/03\/2018-03-30-20_55_45-rundbrief_1-2017_web.pdf.png?fit=1200%2C489&ssl=1&resize=350%2C200 1x, https:\/\/i0.wp.com\/kulturmanagement-online.de\/daniel\/files\/2018\/03\/2018-03-30-20_55_45-rundbrief_1-2017_web.pdf.png?fit=1200%2C489&ssl=1&resize=525%2C300 1.5x, https:\/\/i0.wp.com\/kulturmanagement-online.de\/daniel\/files\/2018\/03\/2018-03-30-20_55_45-rundbrief_1-2017_web.pdf.png?fit=1200%2C489&ssl=1&resize=700%2C400 2x, https:\/\/i0.wp.com\/kulturmanagement-online.de\/daniel\/files\/2018\/03\/2018-03-30-20_55_45-rundbrief_1-2017_web.pdf.png?fit=1200%2C489&ssl=1&resize=1050%2C600 3x"},"classes":[]},{"id":257,"url":"https:\/\/kulturmanagement-online.de\/daniel\/2017\/09\/22\/rehacare-kongress-2017-wir-fuers-quartier\/","url_meta":{"origin":228,"position":5},"title":"REHACARE-Kongress 2017 &#8222;Wir f\u00fcrs Quartier&#8220;","author":"D.","date":"22. September 2017","format":false,"excerpt":"Am 6. Oktober 2017 im Messe- und Kongresszentrum D\u00fcsseldorf habe ich die M\u00f6glichkeit das Projekt unser-quartier.de im Rahmen von Thementischen mit Fachpublikum, insbesondere unter Aspekten der Nachhaltigkeit, zu diskutieren. Im angegliederten Quartiersmarkt wird das Forum Seniorenarbeit mit einem Infostand vertreten sein. Tisch 5: Technische Modelle f\u00fcrs Quartier Virtuelle Quartiersportale -\u2026","rel":"","context":"In &quot;Referate, Workshops und Gremien&quot;","block_context":{"text":"Referate, Workshops und Gremien","link":"https:\/\/kulturmanagement-online.de\/daniel\/category\/referate-und-workshops\/"},"img":{"alt_text":"Logo des REHACARE Kongress 2017","src":"https:\/\/i0.wp.com\/kulturmanagement-online.de\/daniel\/files\/2017\/09\/Logo-REHACARE-Kongress-2017.jpg?fit=500%2C250&ssl=1&resize=350%2C200","width":350,"height":200},"classes":[]}],"jetpack_sharing_enabled":true,"_links":{"self":[{"href":"https:\/\/kulturmanagement-online.de\/daniel\/wp-json\/wp\/v2\/posts\/228","targetHints":{"allow":["GET"]}}],"collection":[{"href":"https:\/\/kulturmanagement-online.de\/daniel\/wp-json\/wp\/v2\/posts"}],"about":[{"href":"https:\/\/kulturmanagement-online.de\/daniel\/wp-json\/wp\/v2\/types\/post"}],"author":[{"embeddable":true,"href":"https:\/\/kulturmanagement-online.de\/daniel\/wp-json\/wp\/v2\/users\/2"}],"replies":[{"embeddable":true,"href":"https:\/\/kulturmanagement-online.de\/daniel\/wp-json\/wp\/v2\/comments?post=228"}],"version-history":[{"count":0,"href":"https:\/\/kulturmanagement-online.de\/daniel\/wp-json\/wp\/v2\/posts\/228\/revisions"}],"wp:featuredmedia":[{"embeddable":true,"href":"https:\/\/kulturmanagement-online.de\/daniel\/wp-json\/wp\/v2\/media\/234"}],"wp:attachment":[{"href":"https:\/\/kulturmanagement-online.de\/daniel\/wp-json\/wp\/v2\/media?parent=228"}],"wp:term":[{"taxonomy":"category","embeddable":true,"href":"https:\/\/kulturmanagement-online.de\/daniel\/wp-json\/wp\/v2\/categories?post=228"},{"taxonomy":"post_tag","embeddable":true,"href":"https:\/\/kulturmanagement-online.de\/daniel\/wp-json\/wp\/v2\/tags?post=228"}],"curies":[{"name":"wp","href":"https:\/\/api.w.org\/{rel}","templated":true}]}}