{"id":230,"date":"2017-03-27T19:17:55","date_gmt":"2017-03-27T17:17:55","guid":{"rendered":"https:\/\/kulturmanagement-online.de\/daniel\/?p=230"},"modified":"2017-06-03T11:34:32","modified_gmt":"2017-06-03T09:34:32","slug":"start-ws-digibe-2017","status":"publish","type":"post","link":"https:\/\/kulturmanagement-online.de\/daniel\/2017\/03\/27\/start-ws-digibe-2017\/","title":{"rendered":"Start WS DigiBE 2017"},"content":{"rendered":"<p>In K\u00f6ln startete heute der 10. Workshop zum Aufbau von Quartiersplattformen im Rahmen des Netzwerks Engagement \u00e4lterer Menschen in der Digitalen Gesellschaft. In 8 Tandems arbeiten wir in den n\u00e4chsten Wochen an den Projekten der Beteiligten.<\/p>\n<p>Die N\u00e4chste Workshoprunde startet im September in Haltern am See.<!--more--><\/p>\n<p>Links zum Thema:<\/p>\n<p><a href=\"https:\/\/unser-quartier.de\" data-wpel-link=\"external\" target=\"_self\" rel=\"external noopener noreferrer\" title=\"Externer Link zu: \" class=\"wpel-icon-right\">Website des Netzwerks Engagement \u00e4lterer in der digitalen Gesellschaft<i class=\"wpel-icon fa fa-external-link-square\" aria-hidden=\"true\"><\/i><\/a><\/p>\n<p><a href=\"https:\/\/unser-quartier.de\/netzwerk\/blogs-im-netzwerk\/\" data-wpel-link=\"external\" target=\"_self\" rel=\"external noopener noreferrer\" title=\"Externer Link zu: \" class=\"wpel-icon-right\">Projekte im Netzwerk<i class=\"wpel-icon fa fa-external-link-square\" aria-hidden=\"true\"><\/i><\/a><\/p>\n<p><a href=\"https:\/\/unser-quartier.de\/netzwerk\/ausschreibung\/\" data-wpel-link=\"external\" target=\"_self\" rel=\"external noopener noreferrer\" title=\"Externer Link zu: \" class=\"wpel-icon-right\">Ausschreibung der Workshops<i class=\"wpel-icon fa fa-external-link-square\" aria-hidden=\"true\"><\/i><\/a><\/p>\n<p><a href=\"https:\/\/unser-quartier.de\/blog\/2016\/06\/13\/virtuelle-quartiere-ein-erfahrungsbericht-aus-der-ersten-workshopreihe\/\" data-wpel-link=\"external\" target=\"_self\" rel=\"external noopener noreferrer\" title=\"Externer Link zu: \" class=\"wpel-icon-right\">Erfahrungsbericht aus 2016<i class=\"wpel-icon fa fa-external-link-square\" aria-hidden=\"true\"><\/i><\/a><\/p>\n<p>&nbsp;<\/p>\n<p>&nbsp;<\/p>\n<p>&nbsp;<\/p>\n","protected":false},"excerpt":{"rendered":"<p>In K\u00f6ln startete heute der 10. Workshop zum Aufbau von Quartiersplattformen im Rahmen des Netzwerks Engagement \u00e4lterer Menschen in der Digitalen Gesellschaft. In 8 Tandems arbeiten wir in den n\u00e4chsten &#8230; <\/p>\n<p class=\"read-more-container\"><a title=\"Start WS DigiBE 2017\" class=\"read-more button\" href=\"https:\/\/kulturmanagement-online.de\/daniel\/2017\/03\/27\/start-ws-digibe-2017\/#more-230\" aria-label=\"Mehr Informationen \u00fcber Start WS DigiBE 2017\" data-wpel-link=\"internal\">Read more<\/a><\/p>\n","protected":false},"author":2,"featured_media":231,"comment_status":"closed","ping_status":"closed","sticky":false,"template":"","format":"standard","meta":{"inline_featured_image":false,"_uag_custom_page_level_css":"","jetpack_post_was_ever_published":false,"_jetpack_newsletter_access":"","_jetpack_dont_email_post_to_subs":false,"_jetpack_newsletter_tier_id":0,"_jetpack_memberships_contains_paywalled_content":false,"_jetpack_memberships_contains_paid_content":false,"footnotes":""},"categories":[5],"tags":[],"class_list":["post-230","post","type-post","status-publish","format-standard","has-post-thumbnail","hentry","category-referate-und-workshops"],"jetpack_featured_media_url":"https:\/\/i0.wp.com\/kulturmanagement-online.de\/daniel\/files\/2017\/03\/2017-06-03-11_31_21-Unser-Quartier-Musterstadt-%E2%80%93-Gut-leben-im-Alter.png?fit=574%2C489&ssl=1","uagb_featured_image_src":{"full":["https:\/\/i0.wp.com\/kulturmanagement-online.de\/daniel\/files\/2017\/03\/2017-06-03-11_31_21-Unser-Quartier-Musterstadt-%E2%80%93-Gut-leben-im-Alter.png?fit=574%2C489&ssl=1",574,489,false],"thumbnail":["https:\/\/i0.wp.com\/kulturmanagement-online.de\/daniel\/files\/2017\/03\/2017-06-03-11_31_21-Unser-Quartier-Musterstadt-%E2%80%93-Gut-leben-im-Alter.png?resize=150%2C150&ssl=1",150,150,true],"medium":["https:\/\/i0.wp.com\/kulturmanagement-online.de\/daniel\/files\/2017\/03\/2017-06-03-11_31_21-Unser-Quartier-Musterstadt-%E2%80%93-Gut-leben-im-Alter.png?fit=300%2C256&ssl=1",300,256,true],"medium_large":["https:\/\/i0.wp.com\/kulturmanagement-online.de\/daniel\/files\/2017\/03\/2017-06-03-11_31_21-Unser-Quartier-Musterstadt-%E2%80%93-Gut-leben-im-Alter.png?fit=574%2C489&ssl=1",574,489,true],"large":["https:\/\/i0.wp.com\/kulturmanagement-online.de\/daniel\/files\/2017\/03\/2017-06-03-11_31_21-Unser-Quartier-Musterstadt-%E2%80%93-Gut-leben-im-Alter.png?fit=574%2C489&ssl=1",574,489,true],"1536x1536":["https:\/\/i0.wp.com\/kulturmanagement-online.de\/daniel\/files\/2017\/03\/2017-06-03-11_31_21-Unser-Quartier-Musterstadt-%E2%80%93-Gut-leben-im-Alter.png?fit=574%2C489&ssl=1",574,489,true],"2048x2048":["https:\/\/i0.wp.com\/kulturmanagement-online.de\/daniel\/files\/2017\/03\/2017-06-03-11_31_21-Unser-Quartier-Musterstadt-%E2%80%93-Gut-leben-im-Alter.png?fit=574%2C489&ssl=1",574,489,true]},"uagb_author_info":{"display_name":"D.","author_link":"https:\/\/kulturmanagement-online.de\/daniel\/author\/daniel\/"},"uagb_comment_info":0,"uagb_excerpt":"In K\u00f6ln startete heute der 10. Workshop zum Aufbau von Quartiersplattformen im Rahmen des Netzwerks Engagement \u00e4lterer Menschen in der Digitalen Gesellschaft. In 8 Tandems arbeiten wir in den n\u00e4chsten ... Read more","jetpack_shortlink":"https:\/\/wp.me\/p8KGV1-3I","jetpack-related-posts":[{"id":217,"url":"https:\/\/kulturmanagement-online.de\/daniel\/2017\/01\/15\/fachartikel-in-der-nun-reden-wir\/","url_meta":{"origin":230,"position":0},"title":"Fachartikel in der Nun Reden Wir","author":"D.","date":"15. Januar 2017","format":false,"excerpt":"In dieser Woche erschien in der Zeitschrift Nun Reden Wir (Ausgabe 98) der Landesseniorenvertretung NRW ein Fachbeitrag unter dem Titel \"Anteil haben an der digitalen Gesellschaft und sie mitgestalten - Aktuelle Trends in der Internetnutzung \u00e4lterer Menschen\". Nachzulesen auf der Website des LSV NRW Eine aktualisierte\/\u00fcberarbeitete Version im Web","rel":"","context":"In &quot;Ver\u00f6ffentlichungen&quot;","block_context":{"text":"Ver\u00f6ffentlichungen","link":"https:\/\/kulturmanagement-online.de\/daniel\/category\/veroeffentlichungen\/"},"img":{"alt_text":"Screen einer Ver\u00f6ffentlichung","src":"https:\/\/i0.wp.com\/kulturmanagement-online.de\/daniel\/files\/2017\/05\/2017-05-31-21_04_18-NRW_Ausgabe_98.pdf-Adobe-Acrobat-Pro.png?fit=674%2C510&ssl=1&resize=350%2C200","width":350,"height":200,"srcset":"https:\/\/i0.wp.com\/kulturmanagement-online.de\/daniel\/files\/2017\/05\/2017-05-31-21_04_18-NRW_Ausgabe_98.pdf-Adobe-Acrobat-Pro.png?fit=674%2C510&ssl=1&resize=350%2C200 1x, https:\/\/i0.wp.com\/kulturmanagement-online.de\/daniel\/files\/2017\/05\/2017-05-31-21_04_18-NRW_Ausgabe_98.pdf-Adobe-Acrobat-Pro.png?fit=674%2C510&ssl=1&resize=525%2C300 1.5x"},"classes":[]},{"id":263,"url":"https:\/\/kulturmanagement-online.de\/daniel\/2018\/01\/22\/die-digitalisierungswelle-erfasst-auch-die-seniorenarbeit-mit-stellenausschreibung\/","url_meta":{"origin":230,"position":1},"title":"Die Digitalisierungswelle erfasst auch die Seniorenarbeit (mit Stellenausschreibung)","author":"D.","date":"22. Januar 2018","format":false,"excerpt":"Ende letzten Jahres nahm ich an einigen Arbeitsgruppe und Beir\u00e4ten teil, die deutlich machen, dass die Digitalisierungswelle nun auch auf die Seniorenarbeit zukommt. Das Themenspektrum ist breit und reicht von der Neuausrichtung von Bildungsszenarien f\u00fcr die Zielgruppe \u00e4lterer Menschen bis hin zu konkreteren Themen, wie Nachbarschaftsarbeit f\u00fcr \u00c4ltere auch durch\u2026","rel":"","context":"In &quot;Digitales&quot;","block_context":{"text":"Digitales","link":"https:\/\/kulturmanagement-online.de\/daniel\/category\/digitales\/"},"img":{"alt_text":"Zahnr\u00e4der im Netzwerk","src":"https:\/\/i0.wp.com\/kulturmanagement-online.de\/daniel\/files\/2018\/01\/business-2082639.jpg?fit=1200%2C675&ssl=1&resize=350%2C200","width":350,"height":200,"srcset":"https:\/\/i0.wp.com\/kulturmanagement-online.de\/daniel\/files\/2018\/01\/business-2082639.jpg?fit=1200%2C675&ssl=1&resize=350%2C200 1x, https:\/\/i0.wp.com\/kulturmanagement-online.de\/daniel\/files\/2018\/01\/business-2082639.jpg?fit=1200%2C675&ssl=1&resize=525%2C300 1.5x, https:\/\/i0.wp.com\/kulturmanagement-online.de\/daniel\/files\/2018\/01\/business-2082639.jpg?fit=1200%2C675&ssl=1&resize=700%2C400 2x, https:\/\/i0.wp.com\/kulturmanagement-online.de\/daniel\/files\/2018\/01\/business-2082639.jpg?fit=1200%2C675&ssl=1&resize=1050%2C600 3x"},"classes":[]},{"id":222,"url":"https:\/\/kulturmanagement-online.de\/daniel\/2017\/02\/08\/workshop-auf-dem-fachtag-vernetz-oder-abgehaengt\/","url_meta":{"origin":230,"position":2},"title":"Workshop auf dem Fachtag &#8222;Vernetz oder abgeh\u00e4ngt?!&#8220;","author":"D.","date":"8. Februar 2017","format":false,"excerpt":"Am 30. Januar 2017 in Stuttgart hatte ich die M\u00f6glichkeit das Konzept unser-quartier.de auf dem Fachtag Vernetzt oder abgeh\u00e4ngt?! Zusammenleben und Teilhabe \u00e4lterer Menschen im digitalen Zeitalter zu pr\u00e4sentieren und mit dem Publikum zu diskutieren. Die Pr\u00e4sentation ist online verf\u00fcgbar: Digitale Lebenswelten in Quartier und Nachbarschaft Website zum Fachtag Foto:\u2026","rel":"","context":"In &quot;Referate, Workshops und Gremien&quot;","block_context":{"text":"Referate, Workshops und Gremien","link":"https:\/\/kulturmanagement-online.de\/daniel\/category\/referate-und-workshops\/"},"img":{"alt_text":"","src":"https:\/\/i0.wp.com\/kulturmanagement-online.de\/daniel\/files\/2017\/05\/Fachtag-Baden-W%C3%BCrtemmberg-01-2017.jpg?fit=810%2C540&ssl=1&resize=350%2C200","width":350,"height":200,"srcset":"https:\/\/i0.wp.com\/kulturmanagement-online.de\/daniel\/files\/2017\/05\/Fachtag-Baden-W%C3%BCrtemmberg-01-2017.jpg?fit=810%2C540&ssl=1&resize=350%2C200 1x, https:\/\/i0.wp.com\/kulturmanagement-online.de\/daniel\/files\/2017\/05\/Fachtag-Baden-W%C3%BCrtemmberg-01-2017.jpg?fit=810%2C540&ssl=1&resize=525%2C300 1.5x, https:\/\/i0.wp.com\/kulturmanagement-online.de\/daniel\/files\/2017\/05\/Fachtag-Baden-W%C3%BCrtemmberg-01-2017.jpg?fit=810%2C540&ssl=1&resize=700%2C400 2x"},"classes":[]},{"id":289,"url":"https:\/\/kulturmanagement-online.de\/daniel\/2019\/07\/28\/mediathek-mit-digitalen-werkzeugen-und-tellerand-kompakt\/","url_meta":{"origin":230,"position":3},"title":"Mediathek mit digitalen Werkzeugen und Tellerand.kompakt","author":"D.","date":"28. Juli 2019","format":false,"excerpt":"Digitalisierung stellt viele Organisationen vor scheinbar unl\u00f6sbare Schwierigkeiten. Im Rahmen meiner T\u00e4tigkeit beim Kuratorium Deutsche Altershilfe im Rahmen des Projekts Forum Seniorenarbeit NRW - Digitale Ideen f\u00fcr Sozialraum und Nachbarschaft bauen wir zur Zeit\u00a0 eine Mediathek auf, in der wir erfolgversprechende Werkzeuge sammeln, die Referenzprojekte in sozialen Arbeitsfeldern bzw. der\u2026","rel":"","context":"In &quot;Digitales&quot;","block_context":{"text":"Digitales","link":"https:\/\/kulturmanagement-online.de\/daniel\/category\/digitales\/"},"img":{"alt_text":"Werkzeuge","src":"https:\/\/i0.wp.com\/kulturmanagement-online.de\/daniel\/files\/2019\/07\/tools-155856.png?fit=1200%2C798&ssl=1&resize=350%2C200","width":350,"height":200,"srcset":"https:\/\/i0.wp.com\/kulturmanagement-online.de\/daniel\/files\/2019\/07\/tools-155856.png?fit=1200%2C798&ssl=1&resize=350%2C200 1x, https:\/\/i0.wp.com\/kulturmanagement-online.de\/daniel\/files\/2019\/07\/tools-155856.png?fit=1200%2C798&ssl=1&resize=525%2C300 1.5x, https:\/\/i0.wp.com\/kulturmanagement-online.de\/daniel\/files\/2019\/07\/tools-155856.png?fit=1200%2C798&ssl=1&resize=700%2C400 2x, https:\/\/i0.wp.com\/kulturmanagement-online.de\/daniel\/files\/2019\/07\/tools-155856.png?fit=1200%2C798&ssl=1&resize=1050%2C600 3x"},"classes":[]},{"id":242,"url":"https:\/\/kulturmanagement-online.de\/daniel\/2017\/06\/12\/fachgespraech-sozialraum-digital\/","url_meta":{"origin":230,"position":4},"title":"Fachgespr\u00e4ch Sozialraum Digital","author":"D.","date":"12. Juni 2017","format":false,"excerpt":"Im Rahmen des Digitalgipfels der Bundesregierung war ich f\u00fcr das KDA heute zum Fachgespr\u00e4ch \u201eSozialraum Digital \u2013 \u00c4ltere Menschen als Co-Entwickler neuer Technik\" in Ludwigshafen eingeladen. In den R\u00e4umen des Ernst Bloch Zentrums f\u00fchrten zun\u00e4chst Prof. Dr. Claudia M\u00fcller von der Universit\u00e4t Siegen und anschlie\u00dfend Prof. Dr. Sabine Sachweh von\u2026","rel":"","context":"In &quot;Referate, Workshops und Gremien&quot;","block_context":{"text":"Referate, Workshops und Gremien","link":"https:\/\/kulturmanagement-online.de\/daniel\/category\/referate-und-workshops\/"},"img":{"alt_text":"Ernst Bloch Zentrum","src":"https:\/\/i0.wp.com\/kulturmanagement-online.de\/daniel\/files\/2017\/06\/photo_2017-06-12_22-02-57.jpg?fit=1200%2C675&ssl=1&resize=350%2C200","width":350,"height":200,"srcset":"https:\/\/i0.wp.com\/kulturmanagement-online.de\/daniel\/files\/2017\/06\/photo_2017-06-12_22-02-57.jpg?fit=1200%2C675&ssl=1&resize=350%2C200 1x, https:\/\/i0.wp.com\/kulturmanagement-online.de\/daniel\/files\/2017\/06\/photo_2017-06-12_22-02-57.jpg?fit=1200%2C675&ssl=1&resize=525%2C300 1.5x, https:\/\/i0.wp.com\/kulturmanagement-online.de\/daniel\/files\/2017\/06\/photo_2017-06-12_22-02-57.jpg?fit=1200%2C675&ssl=1&resize=700%2C400 2x, https:\/\/i0.wp.com\/kulturmanagement-online.de\/daniel\/files\/2017\/06\/photo_2017-06-12_22-02-57.jpg?fit=1200%2C675&ssl=1&resize=1050%2C600 3x"},"classes":[]},{"id":257,"url":"https:\/\/kulturmanagement-online.de\/daniel\/2017\/09\/22\/rehacare-kongress-2017-wir-fuers-quartier\/","url_meta":{"origin":230,"position":5},"title":"REHACARE-Kongress 2017 &#8222;Wir f\u00fcrs Quartier&#8220;","author":"D.","date":"22. September 2017","format":false,"excerpt":"Am 6. Oktober 2017 im Messe- und Kongresszentrum D\u00fcsseldorf habe ich die M\u00f6glichkeit das Projekt unser-quartier.de im Rahmen von Thementischen mit Fachpublikum, insbesondere unter Aspekten der Nachhaltigkeit, zu diskutieren. Im angegliederten Quartiersmarkt wird das Forum Seniorenarbeit mit einem Infostand vertreten sein. Tisch 5: Technische Modelle f\u00fcrs Quartier Virtuelle Quartiersportale -\u2026","rel":"","context":"In &quot;Referate, Workshops und Gremien&quot;","block_context":{"text":"Referate, Workshops und Gremien","link":"https:\/\/kulturmanagement-online.de\/daniel\/category\/referate-und-workshops\/"},"img":{"alt_text":"Logo des REHACARE Kongress 2017","src":"https:\/\/i0.wp.com\/kulturmanagement-online.de\/daniel\/files\/2017\/09\/Logo-REHACARE-Kongress-2017.jpg?fit=500%2C250&ssl=1&resize=350%2C200","width":350,"height":200},"classes":[]}],"jetpack_sharing_enabled":true,"_links":{"self":[{"href":"https:\/\/kulturmanagement-online.de\/daniel\/wp-json\/wp\/v2\/posts\/230","targetHints":{"allow":["GET"]}}],"collection":[{"href":"https:\/\/kulturmanagement-online.de\/daniel\/wp-json\/wp\/v2\/posts"}],"about":[{"href":"https:\/\/kulturmanagement-online.de\/daniel\/wp-json\/wp\/v2\/types\/post"}],"author":[{"embeddable":true,"href":"https:\/\/kulturmanagement-online.de\/daniel\/wp-json\/wp\/v2\/users\/2"}],"replies":[{"embeddable":true,"href":"https:\/\/kulturmanagement-online.de\/daniel\/wp-json\/wp\/v2\/comments?post=230"}],"version-history":[{"count":0,"href":"https:\/\/kulturmanagement-online.de\/daniel\/wp-json\/wp\/v2\/posts\/230\/revisions"}],"wp:featuredmedia":[{"embeddable":true,"href":"https:\/\/kulturmanagement-online.de\/daniel\/wp-json\/wp\/v2\/media\/231"}],"wp:attachment":[{"href":"https:\/\/kulturmanagement-online.de\/daniel\/wp-json\/wp\/v2\/media?parent=230"}],"wp:term":[{"taxonomy":"category","embeddable":true,"href":"https:\/\/kulturmanagement-online.de\/daniel\/wp-json\/wp\/v2\/categories?post=230"},{"taxonomy":"post_tag","embeddable":true,"href":"https:\/\/kulturmanagement-online.de\/daniel\/wp-json\/wp\/v2\/tags?post=230"}],"curies":[{"name":"wp","href":"https:\/\/api.w.org\/{rel}","templated":true}]}}