{"id":235,"date":"2017-05-12T19:52:17","date_gmt":"2017-05-12T17:52:17","guid":{"rendered":"https:\/\/kulturmanagement-online.de\/daniel\/?p=235"},"modified":"2017-06-03T12:12:44","modified_gmt":"2017-06-03T10:12:44","slug":"workshop-gewinnung-von-freiwilligen-fuer-die-quartiersarbeit","status":"publish","type":"post","link":"https:\/\/kulturmanagement-online.de\/daniel\/2017\/05\/12\/workshop-gewinnung-von-freiwilligen-fuer-die-quartiersarbeit\/","title":{"rendered":"Workshop Gewinnung von Freiwilligen f\u00fcr die Quartiersarbeit"},"content":{"rendered":"<p>Das Thema ist zur Zeit sehr attraktiv. Der heutige Workshop im Rahmen der Praxiswerkst\u00e4tten des Landesb\u00fcros Altengerechte Quartiere.NRW fand im MGEPA statt. Die Teilnehmenden waren vorrangig hauptamtliche aus der Seniorenarbeit.<\/p>\n<p><!--more--><\/p>\n<p>Die Dokumentation finden Sie<a href=\"http:\/\/www.aq-nrw.de\/quartier-erleben\/aus-unseren-veranstaltungen\/\" data-wpel-link=\"external\" target=\"_self\" rel=\"external noopener noreferrer\" title=\"Externer Link zu: \" class=\"wpel-icon-right\"> in K\u00fcrze auf der Website des AQ NRW<i class=\"wpel-icon fa fa-external-link-square\" aria-hidden=\"true\"><\/i><\/a>.<\/p>\n","protected":false},"excerpt":{"rendered":"<p>Das Thema ist zur Zeit sehr attraktiv. Der heutige Workshop im Rahmen der Praxiswerkst\u00e4tten des Landesb\u00fcros Altengerechte Quartiere.NRW fand im MGEPA statt. Die Teilnehmenden waren vorrangig hauptamtliche aus der Seniorenarbeit.<\/p>\n","protected":false},"author":2,"featured_media":236,"comment_status":"closed","ping_status":"closed","sticky":false,"template":"","format":"standard","meta":{"inline_featured_image":false,"_uag_custom_page_level_css":"","jetpack_post_was_ever_published":false,"_jetpack_newsletter_access":"","_jetpack_dont_email_post_to_subs":false,"_jetpack_newsletter_tier_id":0,"_jetpack_memberships_contains_paywalled_content":false,"_jetpack_memberships_contains_paid_content":false,"footnotes":""},"categories":[5],"tags":[10,8],"class_list":["post-235","post","type-post","status-publish","format-standard","has-post-thumbnail","hentry","category-referate-und-workshops","tag-aq-nrw","tag-kda"],"jetpack_featured_media_url":"https:\/\/i0.wp.com\/kulturmanagement-online.de\/daniel\/files\/2017\/06\/2017-06-03-12_09_49-Altengerechte-Quartiere-_-Altengerechte-Quartiere.NRW_.png?fit=1002%2C548&ssl=1","uagb_featured_image_src":{"full":["https:\/\/i0.wp.com\/kulturmanagement-online.de\/daniel\/files\/2017\/06\/2017-06-03-12_09_49-Altengerechte-Quartiere-_-Altengerechte-Quartiere.NRW_.png?fit=1002%2C548&ssl=1",1002,548,false],"thumbnail":["https:\/\/i0.wp.com\/kulturmanagement-online.de\/daniel\/files\/2017\/06\/2017-06-03-12_09_49-Altengerechte-Quartiere-_-Altengerechte-Quartiere.NRW_.png?resize=150%2C150&ssl=1",150,150,true],"medium":["https:\/\/i0.wp.com\/kulturmanagement-online.de\/daniel\/files\/2017\/06\/2017-06-03-12_09_49-Altengerechte-Quartiere-_-Altengerechte-Quartiere.NRW_.png?fit=300%2C164&ssl=1",300,164,true],"medium_large":["https:\/\/i0.wp.com\/kulturmanagement-online.de\/daniel\/files\/2017\/06\/2017-06-03-12_09_49-Altengerechte-Quartiere-_-Altengerechte-Quartiere.NRW_.png?fit=768%2C420&ssl=1",768,420,true],"large":["https:\/\/i0.wp.com\/kulturmanagement-online.de\/daniel\/files\/2017\/06\/2017-06-03-12_09_49-Altengerechte-Quartiere-_-Altengerechte-Quartiere.NRW_.png?fit=1002%2C548&ssl=1",1002,548,true],"1536x1536":["https:\/\/i0.wp.com\/kulturmanagement-online.de\/daniel\/files\/2017\/06\/2017-06-03-12_09_49-Altengerechte-Quartiere-_-Altengerechte-Quartiere.NRW_.png?fit=1002%2C548&ssl=1",1002,548,true],"2048x2048":["https:\/\/i0.wp.com\/kulturmanagement-online.de\/daniel\/files\/2017\/06\/2017-06-03-12_09_49-Altengerechte-Quartiere-_-Altengerechte-Quartiere.NRW_.png?fit=1002%2C548&ssl=1",1002,548,true]},"uagb_author_info":{"display_name":"D.","author_link":"https:\/\/kulturmanagement-online.de\/daniel\/author\/daniel\/"},"uagb_comment_info":0,"uagb_excerpt":"Das Thema ist zur Zeit sehr attraktiv. Der heutige Workshop im Rahmen der Praxiswerkst\u00e4tten des Landesb\u00fcros Altengerechte Quartiere.NRW fand im MGEPA statt. Die Teilnehmenden waren vorrangig hauptamtliche aus der Seniorenarbeit.","jetpack_shortlink":"https:\/\/wp.me\/p8KGV1-3N","jetpack-related-posts":[{"id":245,"url":"https:\/\/kulturmanagement-online.de\/daniel\/2017\/07\/09\/weitere-arbeitsgruppen-und-beiraete-im-junijuli\/","url_meta":{"origin":235,"position":0},"title":"Weitere Arbeitsgruppen und Beir\u00e4te im Juni\/Juli","author":"D.","date":"9. Juli 2017","format":false,"excerpt":"In den letzten Wochen war ich viel unterwegs. Zwei interessante Arbeitsgruppen \/ Beir\u00e4te in denen ich f\u00fcr das KDA mitwirke, m\u00f6chte ich gerne kurz vorstellen: Die AG Neue Medien der BAGSO tagt zweimal im Jahr zu aktuellen Themen. Der Beirat des Projekts Verbraucherscouts NRW der Verbraucherzentrale NRW.","rel":"","context":"In &quot;Referate, Workshops und Gremien&quot;","block_context":{"text":"Referate, Workshops und Gremien","link":"https:\/\/kulturmanagement-online.de\/daniel\/category\/referate-und-workshops\/"},"img":{"alt_text":"Konferenztisch","src":"https:\/\/i0.wp.com\/kulturmanagement-online.de\/daniel\/files\/2017\/07\/conference-1886023_1920.jpg?fit=1200%2C800&ssl=1&resize=350%2C200","width":350,"height":200,"srcset":"https:\/\/i0.wp.com\/kulturmanagement-online.de\/daniel\/files\/2017\/07\/conference-1886023_1920.jpg?fit=1200%2C800&ssl=1&resize=350%2C200 1x, https:\/\/i0.wp.com\/kulturmanagement-online.de\/daniel\/files\/2017\/07\/conference-1886023_1920.jpg?fit=1200%2C800&ssl=1&resize=525%2C300 1.5x, https:\/\/i0.wp.com\/kulturmanagement-online.de\/daniel\/files\/2017\/07\/conference-1886023_1920.jpg?fit=1200%2C800&ssl=1&resize=700%2C400 2x, https:\/\/i0.wp.com\/kulturmanagement-online.de\/daniel\/files\/2017\/07\/conference-1886023_1920.jpg?fit=1200%2C800&ssl=1&resize=1050%2C600 3x"},"classes":[]},{"id":289,"url":"https:\/\/kulturmanagement-online.de\/daniel\/2019\/07\/28\/mediathek-mit-digitalen-werkzeugen-und-tellerand-kompakt\/","url_meta":{"origin":235,"position":1},"title":"Mediathek mit digitalen Werkzeugen und Tellerand.kompakt","author":"D.","date":"28. Juli 2019","format":false,"excerpt":"Digitalisierung stellt viele Organisationen vor scheinbar unl\u00f6sbare Schwierigkeiten. Im Rahmen meiner T\u00e4tigkeit beim Kuratorium Deutsche Altershilfe im Rahmen des Projekts Forum Seniorenarbeit NRW - Digitale Ideen f\u00fcr Sozialraum und Nachbarschaft bauen wir zur Zeit\u00a0 eine Mediathek auf, in der wir erfolgversprechende Werkzeuge sammeln, die Referenzprojekte in sozialen Arbeitsfeldern bzw. der\u2026","rel":"","context":"In &quot;Digitales&quot;","block_context":{"text":"Digitales","link":"https:\/\/kulturmanagement-online.de\/daniel\/category\/digitales\/"},"img":{"alt_text":"Werkzeuge","src":"https:\/\/i0.wp.com\/kulturmanagement-online.de\/daniel\/files\/2019\/07\/tools-155856.png?fit=1200%2C798&ssl=1&resize=350%2C200","width":350,"height":200,"srcset":"https:\/\/i0.wp.com\/kulturmanagement-online.de\/daniel\/files\/2019\/07\/tools-155856.png?fit=1200%2C798&ssl=1&resize=350%2C200 1x, https:\/\/i0.wp.com\/kulturmanagement-online.de\/daniel\/files\/2019\/07\/tools-155856.png?fit=1200%2C798&ssl=1&resize=525%2C300 1.5x, https:\/\/i0.wp.com\/kulturmanagement-online.de\/daniel\/files\/2019\/07\/tools-155856.png?fit=1200%2C798&ssl=1&resize=700%2C400 2x, https:\/\/i0.wp.com\/kulturmanagement-online.de\/daniel\/files\/2019\/07\/tools-155856.png?fit=1200%2C798&ssl=1&resize=1050%2C600 3x"},"classes":[]},{"id":217,"url":"https:\/\/kulturmanagement-online.de\/daniel\/2017\/01\/15\/fachartikel-in-der-nun-reden-wir\/","url_meta":{"origin":235,"position":2},"title":"Fachartikel in der Nun Reden Wir","author":"D.","date":"15. Januar 2017","format":false,"excerpt":"In dieser Woche erschien in der Zeitschrift Nun Reden Wir (Ausgabe 98) der Landesseniorenvertretung NRW ein Fachbeitrag unter dem Titel \"Anteil haben an der digitalen Gesellschaft und sie mitgestalten - Aktuelle Trends in der Internetnutzung \u00e4lterer Menschen\". Nachzulesen auf der Website des LSV NRW Eine aktualisierte\/\u00fcberarbeitete Version im Web","rel":"","context":"In &quot;Ver\u00f6ffentlichungen&quot;","block_context":{"text":"Ver\u00f6ffentlichungen","link":"https:\/\/kulturmanagement-online.de\/daniel\/category\/veroeffentlichungen\/"},"img":{"alt_text":"Screen einer Ver\u00f6ffentlichung","src":"https:\/\/i0.wp.com\/kulturmanagement-online.de\/daniel\/files\/2017\/05\/2017-05-31-21_04_18-NRW_Ausgabe_98.pdf-Adobe-Acrobat-Pro.png?fit=674%2C510&ssl=1&resize=350%2C200","width":350,"height":200,"srcset":"https:\/\/i0.wp.com\/kulturmanagement-online.de\/daniel\/files\/2017\/05\/2017-05-31-21_04_18-NRW_Ausgabe_98.pdf-Adobe-Acrobat-Pro.png?fit=674%2C510&ssl=1&resize=350%2C200 1x, https:\/\/i0.wp.com\/kulturmanagement-online.de\/daniel\/files\/2017\/05\/2017-05-31-21_04_18-NRW_Ausgabe_98.pdf-Adobe-Acrobat-Pro.png?fit=674%2C510&ssl=1&resize=525%2C300 1.5x"},"classes":[]},{"id":263,"url":"https:\/\/kulturmanagement-online.de\/daniel\/2018\/01\/22\/die-digitalisierungswelle-erfasst-auch-die-seniorenarbeit-mit-stellenausschreibung\/","url_meta":{"origin":235,"position":3},"title":"Die Digitalisierungswelle erfasst auch die Seniorenarbeit (mit Stellenausschreibung)","author":"D.","date":"22. Januar 2018","format":false,"excerpt":"Ende letzten Jahres nahm ich an einigen Arbeitsgruppe und Beir\u00e4ten teil, die deutlich machen, dass die Digitalisierungswelle nun auch auf die Seniorenarbeit zukommt. Das Themenspektrum ist breit und reicht von der Neuausrichtung von Bildungsszenarien f\u00fcr die Zielgruppe \u00e4lterer Menschen bis hin zu konkreteren Themen, wie Nachbarschaftsarbeit f\u00fcr \u00c4ltere auch durch\u2026","rel":"","context":"In &quot;Digitales&quot;","block_context":{"text":"Digitales","link":"https:\/\/kulturmanagement-online.de\/daniel\/category\/digitales\/"},"img":{"alt_text":"Zahnr\u00e4der im Netzwerk","src":"https:\/\/i0.wp.com\/kulturmanagement-online.de\/daniel\/files\/2018\/01\/business-2082639.jpg?fit=1200%2C675&ssl=1&resize=350%2C200","width":350,"height":200,"srcset":"https:\/\/i0.wp.com\/kulturmanagement-online.de\/daniel\/files\/2018\/01\/business-2082639.jpg?fit=1200%2C675&ssl=1&resize=350%2C200 1x, https:\/\/i0.wp.com\/kulturmanagement-online.de\/daniel\/files\/2018\/01\/business-2082639.jpg?fit=1200%2C675&ssl=1&resize=525%2C300 1.5x, https:\/\/i0.wp.com\/kulturmanagement-online.de\/daniel\/files\/2018\/01\/business-2082639.jpg?fit=1200%2C675&ssl=1&resize=700%2C400 2x, https:\/\/i0.wp.com\/kulturmanagement-online.de\/daniel\/files\/2018\/01\/business-2082639.jpg?fit=1200%2C675&ssl=1&resize=1050%2C600 3x"},"classes":[]},{"id":239,"url":"https:\/\/kulturmanagement-online.de\/daniel\/2017\/06\/09\/neue-kampagnenwebsite-und-socialmedia-realisiert\/","url_meta":{"origin":235,"position":4},"title":"Neue Kampagnenwebsite und Socialmedia realisiert","author":"D.","date":"9. Juni 2017","format":false,"excerpt":"Heute habe ich eine neue Website f\u00fcr die Tour Demenz der Landesinitiative Demenz-Service NRW freigeschaltet. Angegliedert sind zwei Socialmediakan\u00e4le: Facebook und Twitter.Besonderheit sind News-Abo per E-Mail, Geo-Blog, Google-Mapsintegration und Anmeldeformulare sowie deren dynamische Ausgabe mittels Contactform 7. In den n\u00e4chsten Wochen wird es den redaktionellen Ausbau und die Gewinnung von\u2026","rel":"","context":"In &quot;Digitales&quot;","block_context":{"text":"Digitales","link":"https:\/\/kulturmanagement-online.de\/daniel\/category\/digitales\/"},"img":{"alt_text":"Screenshot Tour Demenz","src":"https:\/\/i0.wp.com\/kulturmanagement-online.de\/daniel\/files\/2017\/06\/2017-06-09-17_38_48-tour-demenz.png?fit=1095%2C554&ssl=1&resize=350%2C200","width":350,"height":200,"srcset":"https:\/\/i0.wp.com\/kulturmanagement-online.de\/daniel\/files\/2017\/06\/2017-06-09-17_38_48-tour-demenz.png?fit=1095%2C554&ssl=1&resize=350%2C200 1x, https:\/\/i0.wp.com\/kulturmanagement-online.de\/daniel\/files\/2017\/06\/2017-06-09-17_38_48-tour-demenz.png?fit=1095%2C554&ssl=1&resize=525%2C300 1.5x, https:\/\/i0.wp.com\/kulturmanagement-online.de\/daniel\/files\/2017\/06\/2017-06-09-17_38_48-tour-demenz.png?fit=1095%2C554&ssl=1&resize=700%2C400 2x, https:\/\/i0.wp.com\/kulturmanagement-online.de\/daniel\/files\/2017\/06\/2017-06-09-17_38_48-tour-demenz.png?fit=1095%2C554&ssl=1&resize=1050%2C600 3x"},"classes":[]},{"id":230,"url":"https:\/\/kulturmanagement-online.de\/daniel\/2017\/03\/27\/start-ws-digibe-2017\/","url_meta":{"origin":235,"position":5},"title":"Start WS DigiBE 2017","author":"D.","date":"27. M\u00e4rz 2017","format":false,"excerpt":"In K\u00f6ln startete heute der 10. Workshop zum Aufbau von Quartiersplattformen im Rahmen des Netzwerks Engagement \u00e4lterer Menschen in der Digitalen Gesellschaft. In 8 Tandems arbeiten wir in den n\u00e4chsten Wochen an den Projekten der Beteiligten. Die N\u00e4chste Workshoprunde startet im September in Haltern am See. Links zum Thema: Website\u2026","rel":"","context":"In &quot;Referate, Workshops und Gremien&quot;","block_context":{"text":"Referate, Workshops und Gremien","link":"https:\/\/kulturmanagement-online.de\/daniel\/category\/referate-und-workshops\/"},"img":{"alt_text":"Screenshot des Musterportals","src":"https:\/\/i0.wp.com\/kulturmanagement-online.de\/daniel\/files\/2017\/03\/2017-06-03-11_31_21-Unser-Quartier-Musterstadt-%E2%80%93-Gut-leben-im-Alter.png?fit=574%2C489&ssl=1&resize=350%2C200","width":350,"height":200,"srcset":"https:\/\/i0.wp.com\/kulturmanagement-online.de\/daniel\/files\/2017\/03\/2017-06-03-11_31_21-Unser-Quartier-Musterstadt-%E2%80%93-Gut-leben-im-Alter.png?fit=574%2C489&ssl=1&resize=350%2C200 1x, https:\/\/i0.wp.com\/kulturmanagement-online.de\/daniel\/files\/2017\/03\/2017-06-03-11_31_21-Unser-Quartier-Musterstadt-%E2%80%93-Gut-leben-im-Alter.png?fit=574%2C489&ssl=1&resize=525%2C300 1.5x"},"classes":[]}],"jetpack_sharing_enabled":true,"_links":{"self":[{"href":"https:\/\/kulturmanagement-online.de\/daniel\/wp-json\/wp\/v2\/posts\/235","targetHints":{"allow":["GET"]}}],"collection":[{"href":"https:\/\/kulturmanagement-online.de\/daniel\/wp-json\/wp\/v2\/posts"}],"about":[{"href":"https:\/\/kulturmanagement-online.de\/daniel\/wp-json\/wp\/v2\/types\/post"}],"author":[{"embeddable":true,"href":"https:\/\/kulturmanagement-online.de\/daniel\/wp-json\/wp\/v2\/users\/2"}],"replies":[{"embeddable":true,"href":"https:\/\/kulturmanagement-online.de\/daniel\/wp-json\/wp\/v2\/comments?post=235"}],"version-history":[{"count":0,"href":"https:\/\/kulturmanagement-online.de\/daniel\/wp-json\/wp\/v2\/posts\/235\/revisions"}],"wp:featuredmedia":[{"embeddable":true,"href":"https:\/\/kulturmanagement-online.de\/daniel\/wp-json\/wp\/v2\/media\/236"}],"wp:attachment":[{"href":"https:\/\/kulturmanagement-online.de\/daniel\/wp-json\/wp\/v2\/media?parent=235"}],"wp:term":[{"taxonomy":"category","embeddable":true,"href":"https:\/\/kulturmanagement-online.de\/daniel\/wp-json\/wp\/v2\/categories?post=235"},{"taxonomy":"post_tag","embeddable":true,"href":"https:\/\/kulturmanagement-online.de\/daniel\/wp-json\/wp\/v2\/tags?post=235"}],"curies":[{"name":"wp","href":"https:\/\/api.w.org\/{rel}","templated":true}]}}