{"id":239,"date":"2017-06-09T17:44:33","date_gmt":"2017-06-09T15:44:33","guid":{"rendered":"https:\/\/kulturmanagement-online.de\/daniel\/?p=239"},"modified":"2017-06-09T17:44:33","modified_gmt":"2017-06-09T15:44:33","slug":"neue-kampagnenwebsite-und-socialmedia-realisiert","status":"publish","type":"post","link":"https:\/\/kulturmanagement-online.de\/daniel\/2017\/06\/09\/neue-kampagnenwebsite-und-socialmedia-realisiert\/","title":{"rendered":"Neue Kampagnenwebsite und Socialmedia realisiert"},"content":{"rendered":"<p>Heute habe ich eine neue Website f\u00fcr die Tour Demenz der Landesinitiative Demenz-Service NRW freigeschaltet. Angegliedert sind zwei Socialmediakan\u00e4le: Facebook und Twitter.<!--more-->Besonderheit sind News-Abo per E-Mail, Geo-Blog, Google-Mapsintegration und Anmeldeformulare sowie deren dynamische Ausgabe mittels Contactform 7.<\/p>\n<p>In den n\u00e4chsten Wochen wird es den redaktionellen Ausbau und die Gewinnung von Interessenten und \u00f6ffentliche Aufmerksamkeit gehen.<\/p>\n<p><a href=\"http:\/\/mensch.nrw\/tour-demenz\" data-wpel-link=\"external\" target=\"_self\" rel=\"external noopener noreferrer\" title=\"Externer Link zu: \" class=\"wpel-icon-right\">Website der Tour Demenz<i class=\"wpel-icon fa fa-external-link-square\" aria-hidden=\"true\"><\/i><\/a><\/p>\n<p>Wir nutzen auf <a href=\"https:\/\/twitter.com\/hashtag\/tourdemenz\" data-wpel-link=\"internal\">twitter<\/a> und <a href=\"https:\/\/www.facebook.com\/hashtag\/tourdemenz\" data-wpel-link=\"internal\">facebook<\/a> den Hashtag <strong>#tourdemenz<\/strong>.<\/p>\n","protected":false},"excerpt":{"rendered":"<p>Heute habe ich eine neue Website f\u00fcr die Tour Demenz der Landesinitiative Demenz-Service NRW freigeschaltet. Angegliedert sind zwei Socialmediakan\u00e4le: Facebook und Twitter.<\/p>\n","protected":false},"author":2,"featured_media":240,"comment_status":"closed","ping_status":"closed","sticky":false,"template":"","format":"standard","meta":{"inline_featured_image":false,"_uag_custom_page_level_css":"","jetpack_post_was_ever_published":false,"_jetpack_newsletter_access":"","_jetpack_dont_email_post_to_subs":false,"_jetpack_newsletter_tier_id":0,"_jetpack_memberships_contains_paywalled_content":false,"_jetpack_memberships_contains_paid_content":false,"footnotes":""},"categories":[1],"tags":[12,8,11,13,14],"class_list":["post-239","post","type-post","status-publish","format-standard","has-post-thumbnail","hentry","category-digitales","tag-design","tag-kda","tag-landesinitiative-demenz-service-nrw","tag-redaktion","tag-socialmedia"],"jetpack_featured_media_url":"https:\/\/i0.wp.com\/kulturmanagement-online.de\/daniel\/files\/2017\/06\/2017-06-09-17_38_48-tour-demenz.png?fit=1095%2C554&ssl=1","uagb_featured_image_src":{"full":["https:\/\/i0.wp.com\/kulturmanagement-online.de\/daniel\/files\/2017\/06\/2017-06-09-17_38_48-tour-demenz.png?fit=1095%2C554&ssl=1",1095,554,false],"thumbnail":["https:\/\/i0.wp.com\/kulturmanagement-online.de\/daniel\/files\/2017\/06\/2017-06-09-17_38_48-tour-demenz.png?resize=150%2C150&ssl=1",150,150,true],"medium":["https:\/\/i0.wp.com\/kulturmanagement-online.de\/daniel\/files\/2017\/06\/2017-06-09-17_38_48-tour-demenz.png?fit=300%2C152&ssl=1",300,152,true],"medium_large":["https:\/\/i0.wp.com\/kulturmanagement-online.de\/daniel\/files\/2017\/06\/2017-06-09-17_38_48-tour-demenz.png?fit=768%2C389&ssl=1",768,389,true],"large":["https:\/\/i0.wp.com\/kulturmanagement-online.de\/daniel\/files\/2017\/06\/2017-06-09-17_38_48-tour-demenz.png?fit=1024%2C518&ssl=1",1024,518,true],"1536x1536":["https:\/\/i0.wp.com\/kulturmanagement-online.de\/daniel\/files\/2017\/06\/2017-06-09-17_38_48-tour-demenz.png?fit=1095%2C554&ssl=1",1095,554,true],"2048x2048":["https:\/\/i0.wp.com\/kulturmanagement-online.de\/daniel\/files\/2017\/06\/2017-06-09-17_38_48-tour-demenz.png?fit=1095%2C554&ssl=1",1095,554,true]},"uagb_author_info":{"display_name":"D.","author_link":"https:\/\/kulturmanagement-online.de\/daniel\/author\/daniel\/"},"uagb_comment_info":0,"uagb_excerpt":"Heute habe ich eine neue Website f\u00fcr die Tour Demenz der Landesinitiative Demenz-Service NRW freigeschaltet. Angegliedert sind zwei Socialmediakan\u00e4le: Facebook und Twitter.","jetpack_shortlink":"https:\/\/wp.me\/p8KGV1-3R","jetpack-related-posts":[{"id":245,"url":"https:\/\/kulturmanagement-online.de\/daniel\/2017\/07\/09\/weitere-arbeitsgruppen-und-beiraete-im-junijuli\/","url_meta":{"origin":239,"position":0},"title":"Weitere Arbeitsgruppen und Beir\u00e4te im Juni\/Juli","author":"D.","date":"9. Juli 2017","format":false,"excerpt":"In den letzten Wochen war ich viel unterwegs. Zwei interessante Arbeitsgruppen \/ Beir\u00e4te in denen ich f\u00fcr das KDA mitwirke, m\u00f6chte ich gerne kurz vorstellen: Die AG Neue Medien der BAGSO tagt zweimal im Jahr zu aktuellen Themen. Der Beirat des Projekts Verbraucherscouts NRW der Verbraucherzentrale NRW.","rel":"","context":"In &quot;Referate, Workshops und Gremien&quot;","block_context":{"text":"Referate, Workshops und Gremien","link":"https:\/\/kulturmanagement-online.de\/daniel\/category\/referate-und-workshops\/"},"img":{"alt_text":"Konferenztisch","src":"https:\/\/i0.wp.com\/kulturmanagement-online.de\/daniel\/files\/2017\/07\/conference-1886023_1920.jpg?fit=1200%2C800&ssl=1&resize=350%2C200","width":350,"height":200,"srcset":"https:\/\/i0.wp.com\/kulturmanagement-online.de\/daniel\/files\/2017\/07\/conference-1886023_1920.jpg?fit=1200%2C800&ssl=1&resize=350%2C200 1x, https:\/\/i0.wp.com\/kulturmanagement-online.de\/daniel\/files\/2017\/07\/conference-1886023_1920.jpg?fit=1200%2C800&ssl=1&resize=525%2C300 1.5x, https:\/\/i0.wp.com\/kulturmanagement-online.de\/daniel\/files\/2017\/07\/conference-1886023_1920.jpg?fit=1200%2C800&ssl=1&resize=700%2C400 2x, https:\/\/i0.wp.com\/kulturmanagement-online.de\/daniel\/files\/2017\/07\/conference-1886023_1920.jpg?fit=1200%2C800&ssl=1&resize=1050%2C600 3x"},"classes":[]},{"id":289,"url":"https:\/\/kulturmanagement-online.de\/daniel\/2019\/07\/28\/mediathek-mit-digitalen-werkzeugen-und-tellerand-kompakt\/","url_meta":{"origin":239,"position":1},"title":"Mediathek mit digitalen Werkzeugen und Tellerand.kompakt","author":"D.","date":"28. Juli 2019","format":false,"excerpt":"Digitalisierung stellt viele Organisationen vor scheinbar unl\u00f6sbare Schwierigkeiten. Im Rahmen meiner T\u00e4tigkeit beim Kuratorium Deutsche Altershilfe im Rahmen des Projekts Forum Seniorenarbeit NRW - Digitale Ideen f\u00fcr Sozialraum und Nachbarschaft bauen wir zur Zeit\u00a0 eine Mediathek auf, in der wir erfolgversprechende Werkzeuge sammeln, die Referenzprojekte in sozialen Arbeitsfeldern bzw. der\u2026","rel":"","context":"In &quot;Digitales&quot;","block_context":{"text":"Digitales","link":"https:\/\/kulturmanagement-online.de\/daniel\/category\/digitales\/"},"img":{"alt_text":"Werkzeuge","src":"https:\/\/i0.wp.com\/kulturmanagement-online.de\/daniel\/files\/2019\/07\/tools-155856.png?fit=1200%2C798&ssl=1&resize=350%2C200","width":350,"height":200,"srcset":"https:\/\/i0.wp.com\/kulturmanagement-online.de\/daniel\/files\/2019\/07\/tools-155856.png?fit=1200%2C798&ssl=1&resize=350%2C200 1x, https:\/\/i0.wp.com\/kulturmanagement-online.de\/daniel\/files\/2019\/07\/tools-155856.png?fit=1200%2C798&ssl=1&resize=525%2C300 1.5x, https:\/\/i0.wp.com\/kulturmanagement-online.de\/daniel\/files\/2019\/07\/tools-155856.png?fit=1200%2C798&ssl=1&resize=700%2C400 2x, https:\/\/i0.wp.com\/kulturmanagement-online.de\/daniel\/files\/2019\/07\/tools-155856.png?fit=1200%2C798&ssl=1&resize=1050%2C600 3x"},"classes":[]},{"id":235,"url":"https:\/\/kulturmanagement-online.de\/daniel\/2017\/05\/12\/workshop-gewinnung-von-freiwilligen-fuer-die-quartiersarbeit\/","url_meta":{"origin":239,"position":2},"title":"Workshop Gewinnung von Freiwilligen f\u00fcr die Quartiersarbeit","author":"D.","date":"12. Mai 2017","format":false,"excerpt":"Das Thema ist zur Zeit sehr attraktiv. Der heutige Workshop im Rahmen der Praxiswerkst\u00e4tten des Landesb\u00fcros Altengerechte Quartiere.NRW fand im MGEPA statt. Die Teilnehmenden waren vorrangig hauptamtliche aus der Seniorenarbeit. Die Dokumentation finden Sie in K\u00fcrze auf der Website des AQ NRW.","rel":"","context":"In &quot;Referate, Workshops und Gremien&quot;","block_context":{"text":"Referate, Workshops und Gremien","link":"https:\/\/kulturmanagement-online.de\/daniel\/category\/referate-und-workshops\/"},"img":{"alt_text":"Screenshot Webiste des AQ NRW","src":"https:\/\/i0.wp.com\/kulturmanagement-online.de\/daniel\/files\/2017\/06\/2017-06-03-12_09_49-Altengerechte-Quartiere-_-Altengerechte-Quartiere.NRW_.png?fit=1002%2C548&ssl=1&resize=350%2C200","width":350,"height":200,"srcset":"https:\/\/i0.wp.com\/kulturmanagement-online.de\/daniel\/files\/2017\/06\/2017-06-03-12_09_49-Altengerechte-Quartiere-_-Altengerechte-Quartiere.NRW_.png?fit=1002%2C548&ssl=1&resize=350%2C200 1x, https:\/\/i0.wp.com\/kulturmanagement-online.de\/daniel\/files\/2017\/06\/2017-06-03-12_09_49-Altengerechte-Quartiere-_-Altengerechte-Quartiere.NRW_.png?fit=1002%2C548&ssl=1&resize=525%2C300 1.5x, https:\/\/i0.wp.com\/kulturmanagement-online.de\/daniel\/files\/2017\/06\/2017-06-03-12_09_49-Altengerechte-Quartiere-_-Altengerechte-Quartiere.NRW_.png?fit=1002%2C548&ssl=1&resize=700%2C400 2x"},"classes":[]},{"id":263,"url":"https:\/\/kulturmanagement-online.de\/daniel\/2018\/01\/22\/die-digitalisierungswelle-erfasst-auch-die-seniorenarbeit-mit-stellenausschreibung\/","url_meta":{"origin":239,"position":3},"title":"Die Digitalisierungswelle erfasst auch die Seniorenarbeit (mit Stellenausschreibung)","author":"D.","date":"22. Januar 2018","format":false,"excerpt":"Ende letzten Jahres nahm ich an einigen Arbeitsgruppe und Beir\u00e4ten teil, die deutlich machen, dass die Digitalisierungswelle nun auch auf die Seniorenarbeit zukommt. Das Themenspektrum ist breit und reicht von der Neuausrichtung von Bildungsszenarien f\u00fcr die Zielgruppe \u00e4lterer Menschen bis hin zu konkreteren Themen, wie Nachbarschaftsarbeit f\u00fcr \u00c4ltere auch durch\u2026","rel":"","context":"In &quot;Digitales&quot;","block_context":{"text":"Digitales","link":"https:\/\/kulturmanagement-online.de\/daniel\/category\/digitales\/"},"img":{"alt_text":"Zahnr\u00e4der im Netzwerk","src":"https:\/\/i0.wp.com\/kulturmanagement-online.de\/daniel\/files\/2018\/01\/business-2082639.jpg?fit=1200%2C675&ssl=1&resize=350%2C200","width":350,"height":200,"srcset":"https:\/\/i0.wp.com\/kulturmanagement-online.de\/daniel\/files\/2018\/01\/business-2082639.jpg?fit=1200%2C675&ssl=1&resize=350%2C200 1x, https:\/\/i0.wp.com\/kulturmanagement-online.de\/daniel\/files\/2018\/01\/business-2082639.jpg?fit=1200%2C675&ssl=1&resize=525%2C300 1.5x, https:\/\/i0.wp.com\/kulturmanagement-online.de\/daniel\/files\/2018\/01\/business-2082639.jpg?fit=1200%2C675&ssl=1&resize=700%2C400 2x, https:\/\/i0.wp.com\/kulturmanagement-online.de\/daniel\/files\/2018\/01\/business-2082639.jpg?fit=1200%2C675&ssl=1&resize=1050%2C600 3x"},"classes":[]},{"id":304,"url":"https:\/\/kulturmanagement-online.de\/daniel\/2021\/01\/16\/toolbox-2-0\/","url_meta":{"origin":239,"position":4},"title":"Toolbox 2.0","author":"D.","date":"16. Januar 2021","format":false,"excerpt":"In den letzten Wochen habe ich meine pers\u00f6nliche Toolbox angefangen online zu ver\u00f6ffentlichen. \u00dcber Weihnachten habe ich sie in eine Datenbankanwendung \u00fcberf\u00fchrt und erweitert. In der Zusammenarbeit mit NPOs merke ich immer wieder, dass es an pers\u00f6nlichen Technik-Kompetenzen, finanziellen Mitteln und Zeit fehlt, aufwendige Online-Projekte zu realisieren. Vielleicht ist meine\u2026","rel":"","context":"In &quot;Digitales&quot;","block_context":{"text":"Digitales","link":"https:\/\/kulturmanagement-online.de\/daniel\/category\/digitales\/"},"img":{"alt_text":"Illustration KM Toolbox","src":"https:\/\/i0.wp.com\/kulturmanagement-online.de\/daniel\/files\/2021\/01\/Beitragsillustration-Toolbox-2021.png?fit=1200%2C630&ssl=1&resize=350%2C200","width":350,"height":200,"srcset":"https:\/\/i0.wp.com\/kulturmanagement-online.de\/daniel\/files\/2021\/01\/Beitragsillustration-Toolbox-2021.png?fit=1200%2C630&ssl=1&resize=350%2C200 1x, https:\/\/i0.wp.com\/kulturmanagement-online.de\/daniel\/files\/2021\/01\/Beitragsillustration-Toolbox-2021.png?fit=1200%2C630&ssl=1&resize=525%2C300 1.5x, https:\/\/i0.wp.com\/kulturmanagement-online.de\/daniel\/files\/2021\/01\/Beitragsillustration-Toolbox-2021.png?fit=1200%2C630&ssl=1&resize=700%2C400 2x, https:\/\/i0.wp.com\/kulturmanagement-online.de\/daniel\/files\/2021\/01\/Beitragsillustration-Toolbox-2021.png?fit=1200%2C630&ssl=1&resize=1050%2C600 3x"},"classes":[]},{"id":260,"url":"https:\/\/kulturmanagement-online.de\/daniel\/2017\/11\/01\/runde-zahlen-bei-der-socialnet-gmbh\/","url_meta":{"origin":239,"position":5},"title":"Runde Zahlen bei der socialnet GmbH","author":"D.","date":"1. November 2017","format":false,"excerpt":"Als Mitgesellschafter der socialnet GmbH berichte ich gerne \u00fcber den aktuellen Entwicklungsstand einzelner Bereiche. Vor kurzem wurde eine Pressemitteilung zum Stand des Informationsportals ver\u00f6ffentlicht: socialnet bietet seit 1999 kostenlosen Zugang zu Fachinformationen f\u00fcr das Sozial- und Gesundheitswesen. Das Hauptportal www.socialnet.de bietet Fachbuchbesprechungen von \u201eAltenpflege\u201c bis \u201eSozialmanagement\u201c, Materialien von der Arbeitshilfe\u2026","rel":"","context":"In &quot;Partner&quot;","block_context":{"text":"Partner","link":"https:\/\/kulturmanagement-online.de\/daniel\/category\/partner\/"},"img":{"alt_text":"Screenshot socialnet website","src":"https:\/\/i0.wp.com\/kulturmanagement-online.de\/daniel\/files\/2017\/11\/Screenshot-socialnet.png?fit=1200%2C633&ssl=1&resize=350%2C200","width":350,"height":200,"srcset":"https:\/\/i0.wp.com\/kulturmanagement-online.de\/daniel\/files\/2017\/11\/Screenshot-socialnet.png?fit=1200%2C633&ssl=1&resize=350%2C200 1x, https:\/\/i0.wp.com\/kulturmanagement-online.de\/daniel\/files\/2017\/11\/Screenshot-socialnet.png?fit=1200%2C633&ssl=1&resize=525%2C300 1.5x, https:\/\/i0.wp.com\/kulturmanagement-online.de\/daniel\/files\/2017\/11\/Screenshot-socialnet.png?fit=1200%2C633&ssl=1&resize=700%2C400 2x, https:\/\/i0.wp.com\/kulturmanagement-online.de\/daniel\/files\/2017\/11\/Screenshot-socialnet.png?fit=1200%2C633&ssl=1&resize=1050%2C600 3x"},"classes":[]}],"jetpack_sharing_enabled":true,"_links":{"self":[{"href":"https:\/\/kulturmanagement-online.de\/daniel\/wp-json\/wp\/v2\/posts\/239","targetHints":{"allow":["GET"]}}],"collection":[{"href":"https:\/\/kulturmanagement-online.de\/daniel\/wp-json\/wp\/v2\/posts"}],"about":[{"href":"https:\/\/kulturmanagement-online.de\/daniel\/wp-json\/wp\/v2\/types\/post"}],"author":[{"embeddable":true,"href":"https:\/\/kulturmanagement-online.de\/daniel\/wp-json\/wp\/v2\/users\/2"}],"replies":[{"embeddable":true,"href":"https:\/\/kulturmanagement-online.de\/daniel\/wp-json\/wp\/v2\/comments?post=239"}],"version-history":[{"count":0,"href":"https:\/\/kulturmanagement-online.de\/daniel\/wp-json\/wp\/v2\/posts\/239\/revisions"}],"wp:featuredmedia":[{"embeddable":true,"href":"https:\/\/kulturmanagement-online.de\/daniel\/wp-json\/wp\/v2\/media\/240"}],"wp:attachment":[{"href":"https:\/\/kulturmanagement-online.de\/daniel\/wp-json\/wp\/v2\/media?parent=239"}],"wp:term":[{"taxonomy":"category","embeddable":true,"href":"https:\/\/kulturmanagement-online.de\/daniel\/wp-json\/wp\/v2\/categories?post=239"},{"taxonomy":"post_tag","embeddable":true,"href":"https:\/\/kulturmanagement-online.de\/daniel\/wp-json\/wp\/v2\/tags?post=239"}],"curies":[{"name":"wp","href":"https:\/\/api.w.org\/{rel}","templated":true}]}}