{"id":245,"date":"2017-07-09T16:47:33","date_gmt":"2017-07-09T14:47:33","guid":{"rendered":"https:\/\/kulturmanagement-online.de\/daniel\/?p=245"},"modified":"2017-07-09T17:37:22","modified_gmt":"2017-07-09T15:37:22","slug":"weitere-arbeitsgruppen-und-beiraete-im-junijuli","status":"publish","type":"post","link":"https:\/\/kulturmanagement-online.de\/daniel\/2017\/07\/09\/weitere-arbeitsgruppen-und-beiraete-im-junijuli\/","title":{"rendered":"Weitere Arbeitsgruppen und Beir\u00e4te im Juni\/Juli"},"content":{"rendered":"<p>In den letzten Wochen war ich viel unterwegs. Zwei interessante Arbeitsgruppen \/ Beir\u00e4te in denen ich f\u00fcr das KDA mitwirke, m\u00f6chte ich gerne kurz vorstellen:<\/p>\n<p>Die <a href=\"http:\/\/www.bagso.de\/die-bagso\/fachkommissionen.html\" data-wpel-link=\"external\" target=\"_self\" rel=\"external noopener noreferrer\" title=\"Externer Link zu: \" class=\"wpel-icon-right\">AG Neue Medien der BAGSO<i class=\"wpel-icon fa fa-external-link-square\" aria-hidden=\"true\"><\/i><\/a> tagt zweimal im Jahr zu aktuellen Themen.<\/p>\n<p>Der <a href=\"https:\/\/www.verbraucherzentrale.nrw\/verbraucherscouts\" data-wpel-link=\"external\" target=\"_self\" rel=\"external noopener noreferrer\" title=\"Externer Link zu: \" class=\"wpel-icon-right\">Beirat des Projekts Verbraucherscouts NRW<i class=\"wpel-icon fa fa-external-link-square\" aria-hidden=\"true\"><\/i><\/a> der Verbraucherzentrale NRW.<\/p>\n","protected":false},"excerpt":{"rendered":"<p>In den letzten Wochen war ich viel unterwegs. Zwei interessante Arbeitsgruppen \/ Beir\u00e4te in denen ich f\u00fcr das KDA mitwirke, m\u00f6chte ich gerne kurz vorstellen: Die AG Neue Medien der &#8230; <\/p>\n<p class=\"read-more-container\"><a title=\"Weitere Arbeitsgruppen und Beir\u00e4te im Juni\/Juli\" class=\"read-more button\" href=\"https:\/\/kulturmanagement-online.de\/daniel\/2017\/07\/09\/weitere-arbeitsgruppen-und-beiraete-im-junijuli\/#more-245\" aria-label=\"Mehr Informationen \u00fcber Weitere Arbeitsgruppen und Beir\u00e4te im Juni\/Juli\" data-wpel-link=\"internal\">Read more<\/a><\/p>\n","protected":false},"author":2,"featured_media":246,"comment_status":"closed","ping_status":"closed","sticky":false,"template":"","format":"standard","meta":{"inline_featured_image":false,"_uag_custom_page_level_css":"","jetpack_post_was_ever_published":false,"_jetpack_newsletter_access":"","_jetpack_dont_email_post_to_subs":false,"_jetpack_newsletter_tier_id":0,"_jetpack_memberships_contains_paywalled_content":false,"_jetpack_memberships_contains_paid_content":false,"footnotes":""},"categories":[5],"tags":[21,8,22],"class_list":["post-245","post","type-post","status-publish","format-standard","has-post-thumbnail","hentry","category-referate-und-workshops","tag-bagso","tag-kda","tag-verbraucherzentrale"],"jetpack_featured_media_url":"https:\/\/i0.wp.com\/kulturmanagement-online.de\/daniel\/files\/2017\/07\/conference-1886023_1920.jpg?fit=1920%2C1280&ssl=1","uagb_featured_image_src":{"full":["https:\/\/i0.wp.com\/kulturmanagement-online.de\/daniel\/files\/2017\/07\/conference-1886023_1920.jpg?fit=1920%2C1280&ssl=1",1920,1280,false],"thumbnail":["https:\/\/i0.wp.com\/kulturmanagement-online.de\/daniel\/files\/2017\/07\/conference-1886023_1920.jpg?resize=150%2C150&ssl=1",150,150,true],"medium":["https:\/\/i0.wp.com\/kulturmanagement-online.de\/daniel\/files\/2017\/07\/conference-1886023_1920.jpg?fit=300%2C200&ssl=1",300,200,true],"medium_large":["https:\/\/i0.wp.com\/kulturmanagement-online.de\/daniel\/files\/2017\/07\/conference-1886023_1920.jpg?fit=768%2C512&ssl=1",768,512,true],"large":["https:\/\/i0.wp.com\/kulturmanagement-online.de\/daniel\/files\/2017\/07\/conference-1886023_1920.jpg?fit=1024%2C683&ssl=1",1024,683,true],"1536x1536":["https:\/\/i0.wp.com\/kulturmanagement-online.de\/daniel\/files\/2017\/07\/conference-1886023_1920.jpg?fit=1536%2C1024&ssl=1",1536,1024,true],"2048x2048":["https:\/\/i0.wp.com\/kulturmanagement-online.de\/daniel\/files\/2017\/07\/conference-1886023_1920.jpg?fit=1920%2C1280&ssl=1",1920,1280,true]},"uagb_author_info":{"display_name":"D.","author_link":"https:\/\/kulturmanagement-online.de\/daniel\/author\/daniel\/"},"uagb_comment_info":0,"uagb_excerpt":"In den letzten Wochen war ich viel unterwegs. Zwei interessante Arbeitsgruppen \/ Beir\u00e4te in denen ich f\u00fcr das KDA mitwirke, m\u00f6chte ich gerne kurz vorstellen: Die AG Neue Medien der ... Read more","jetpack_shortlink":"https:\/\/wp.me\/p8KGV1-3X","jetpack-related-posts":[{"id":263,"url":"https:\/\/kulturmanagement-online.de\/daniel\/2018\/01\/22\/die-digitalisierungswelle-erfasst-auch-die-seniorenarbeit-mit-stellenausschreibung\/","url_meta":{"origin":245,"position":0},"title":"Die Digitalisierungswelle erfasst auch die Seniorenarbeit (mit Stellenausschreibung)","author":"D.","date":"22. Januar 2018","format":false,"excerpt":"Ende letzten Jahres nahm ich an einigen Arbeitsgruppe und Beir\u00e4ten teil, die deutlich machen, dass die Digitalisierungswelle nun auch auf die Seniorenarbeit zukommt. Das Themenspektrum ist breit und reicht von der Neuausrichtung von Bildungsszenarien f\u00fcr die Zielgruppe \u00e4lterer Menschen bis hin zu konkreteren Themen, wie Nachbarschaftsarbeit f\u00fcr \u00c4ltere auch durch\u2026","rel":"","context":"In &quot;Digitales&quot;","block_context":{"text":"Digitales","link":"https:\/\/kulturmanagement-online.de\/daniel\/category\/digitales\/"},"img":{"alt_text":"Zahnr\u00e4der im Netzwerk","src":"https:\/\/i0.wp.com\/kulturmanagement-online.de\/daniel\/files\/2018\/01\/business-2082639.jpg?fit=1200%2C675&ssl=1&resize=350%2C200","width":350,"height":200,"srcset":"https:\/\/i0.wp.com\/kulturmanagement-online.de\/daniel\/files\/2018\/01\/business-2082639.jpg?fit=1200%2C675&ssl=1&resize=350%2C200 1x, https:\/\/i0.wp.com\/kulturmanagement-online.de\/daniel\/files\/2018\/01\/business-2082639.jpg?fit=1200%2C675&ssl=1&resize=525%2C300 1.5x, https:\/\/i0.wp.com\/kulturmanagement-online.de\/daniel\/files\/2018\/01\/business-2082639.jpg?fit=1200%2C675&ssl=1&resize=700%2C400 2x, https:\/\/i0.wp.com\/kulturmanagement-online.de\/daniel\/files\/2018\/01\/business-2082639.jpg?fit=1200%2C675&ssl=1&resize=1050%2C600 3x"},"classes":[]},{"id":235,"url":"https:\/\/kulturmanagement-online.de\/daniel\/2017\/05\/12\/workshop-gewinnung-von-freiwilligen-fuer-die-quartiersarbeit\/","url_meta":{"origin":245,"position":1},"title":"Workshop Gewinnung von Freiwilligen f\u00fcr die Quartiersarbeit","author":"D.","date":"12. Mai 2017","format":false,"excerpt":"Das Thema ist zur Zeit sehr attraktiv. Der heutige Workshop im Rahmen der Praxiswerkst\u00e4tten des Landesb\u00fcros Altengerechte Quartiere.NRW fand im MGEPA statt. Die Teilnehmenden waren vorrangig hauptamtliche aus der Seniorenarbeit. Die Dokumentation finden Sie in K\u00fcrze auf der Website des AQ NRW.","rel":"","context":"In &quot;Referate, Workshops und Gremien&quot;","block_context":{"text":"Referate, Workshops und Gremien","link":"https:\/\/kulturmanagement-online.de\/daniel\/category\/referate-und-workshops\/"},"img":{"alt_text":"Screenshot Webiste des AQ NRW","src":"https:\/\/i0.wp.com\/kulturmanagement-online.de\/daniel\/files\/2017\/06\/2017-06-03-12_09_49-Altengerechte-Quartiere-_-Altengerechte-Quartiere.NRW_.png?fit=1002%2C548&ssl=1&resize=350%2C200","width":350,"height":200,"srcset":"https:\/\/i0.wp.com\/kulturmanagement-online.de\/daniel\/files\/2017\/06\/2017-06-03-12_09_49-Altengerechte-Quartiere-_-Altengerechte-Quartiere.NRW_.png?fit=1002%2C548&ssl=1&resize=350%2C200 1x, https:\/\/i0.wp.com\/kulturmanagement-online.de\/daniel\/files\/2017\/06\/2017-06-03-12_09_49-Altengerechte-Quartiere-_-Altengerechte-Quartiere.NRW_.png?fit=1002%2C548&ssl=1&resize=525%2C300 1.5x, https:\/\/i0.wp.com\/kulturmanagement-online.de\/daniel\/files\/2017\/06\/2017-06-03-12_09_49-Altengerechte-Quartiere-_-Altengerechte-Quartiere.NRW_.png?fit=1002%2C548&ssl=1&resize=700%2C400 2x"},"classes":[]},{"id":239,"url":"https:\/\/kulturmanagement-online.de\/daniel\/2017\/06\/09\/neue-kampagnenwebsite-und-socialmedia-realisiert\/","url_meta":{"origin":245,"position":2},"title":"Neue Kampagnenwebsite und Socialmedia realisiert","author":"D.","date":"9. Juni 2017","format":false,"excerpt":"Heute habe ich eine neue Website f\u00fcr die Tour Demenz der Landesinitiative Demenz-Service NRW freigeschaltet. Angegliedert sind zwei Socialmediakan\u00e4le: Facebook und Twitter.Besonderheit sind News-Abo per E-Mail, Geo-Blog, Google-Mapsintegration und Anmeldeformulare sowie deren dynamische Ausgabe mittels Contactform 7. In den n\u00e4chsten Wochen wird es den redaktionellen Ausbau und die Gewinnung von\u2026","rel":"","context":"In &quot;Digitales&quot;","block_context":{"text":"Digitales","link":"https:\/\/kulturmanagement-online.de\/daniel\/category\/digitales\/"},"img":{"alt_text":"Screenshot Tour Demenz","src":"https:\/\/i0.wp.com\/kulturmanagement-online.de\/daniel\/files\/2017\/06\/2017-06-09-17_38_48-tour-demenz.png?fit=1095%2C554&ssl=1&resize=350%2C200","width":350,"height":200,"srcset":"https:\/\/i0.wp.com\/kulturmanagement-online.de\/daniel\/files\/2017\/06\/2017-06-09-17_38_48-tour-demenz.png?fit=1095%2C554&ssl=1&resize=350%2C200 1x, https:\/\/i0.wp.com\/kulturmanagement-online.de\/daniel\/files\/2017\/06\/2017-06-09-17_38_48-tour-demenz.png?fit=1095%2C554&ssl=1&resize=525%2C300 1.5x, https:\/\/i0.wp.com\/kulturmanagement-online.de\/daniel\/files\/2017\/06\/2017-06-09-17_38_48-tour-demenz.png?fit=1095%2C554&ssl=1&resize=700%2C400 2x, https:\/\/i0.wp.com\/kulturmanagement-online.de\/daniel\/files\/2017\/06\/2017-06-09-17_38_48-tour-demenz.png?fit=1095%2C554&ssl=1&resize=1050%2C600 3x"},"classes":[]},{"id":217,"url":"https:\/\/kulturmanagement-online.de\/daniel\/2017\/01\/15\/fachartikel-in-der-nun-reden-wir\/","url_meta":{"origin":245,"position":3},"title":"Fachartikel in der Nun Reden Wir","author":"D.","date":"15. Januar 2017","format":false,"excerpt":"In dieser Woche erschien in der Zeitschrift Nun Reden Wir (Ausgabe 98) der Landesseniorenvertretung NRW ein Fachbeitrag unter dem Titel \"Anteil haben an der digitalen Gesellschaft und sie mitgestalten - Aktuelle Trends in der Internetnutzung \u00e4lterer Menschen\". Nachzulesen auf der Website des LSV NRW Eine aktualisierte\/\u00fcberarbeitete Version im Web","rel":"","context":"In &quot;Ver\u00f6ffentlichungen&quot;","block_context":{"text":"Ver\u00f6ffentlichungen","link":"https:\/\/kulturmanagement-online.de\/daniel\/category\/veroeffentlichungen\/"},"img":{"alt_text":"Screen einer Ver\u00f6ffentlichung","src":"https:\/\/i0.wp.com\/kulturmanagement-online.de\/daniel\/files\/2017\/05\/2017-05-31-21_04_18-NRW_Ausgabe_98.pdf-Adobe-Acrobat-Pro.png?fit=674%2C510&ssl=1&resize=350%2C200","width":350,"height":200,"srcset":"https:\/\/i0.wp.com\/kulturmanagement-online.de\/daniel\/files\/2017\/05\/2017-05-31-21_04_18-NRW_Ausgabe_98.pdf-Adobe-Acrobat-Pro.png?fit=674%2C510&ssl=1&resize=350%2C200 1x, https:\/\/i0.wp.com\/kulturmanagement-online.de\/daniel\/files\/2017\/05\/2017-05-31-21_04_18-NRW_Ausgabe_98.pdf-Adobe-Acrobat-Pro.png?fit=674%2C510&ssl=1&resize=525%2C300 1.5x"},"classes":[]},{"id":289,"url":"https:\/\/kulturmanagement-online.de\/daniel\/2019\/07\/28\/mediathek-mit-digitalen-werkzeugen-und-tellerand-kompakt\/","url_meta":{"origin":245,"position":4},"title":"Mediathek mit digitalen Werkzeugen und Tellerand.kompakt","author":"D.","date":"28. Juli 2019","format":false,"excerpt":"Digitalisierung stellt viele Organisationen vor scheinbar unl\u00f6sbare Schwierigkeiten. Im Rahmen meiner T\u00e4tigkeit beim Kuratorium Deutsche Altershilfe im Rahmen des Projekts Forum Seniorenarbeit NRW - Digitale Ideen f\u00fcr Sozialraum und Nachbarschaft bauen wir zur Zeit\u00a0 eine Mediathek auf, in der wir erfolgversprechende Werkzeuge sammeln, die Referenzprojekte in sozialen Arbeitsfeldern bzw. der\u2026","rel":"","context":"In &quot;Digitales&quot;","block_context":{"text":"Digitales","link":"https:\/\/kulturmanagement-online.de\/daniel\/category\/digitales\/"},"img":{"alt_text":"Werkzeuge","src":"https:\/\/i0.wp.com\/kulturmanagement-online.de\/daniel\/files\/2019\/07\/tools-155856.png?fit=1200%2C798&ssl=1&resize=350%2C200","width":350,"height":200,"srcset":"https:\/\/i0.wp.com\/kulturmanagement-online.de\/daniel\/files\/2019\/07\/tools-155856.png?fit=1200%2C798&ssl=1&resize=350%2C200 1x, https:\/\/i0.wp.com\/kulturmanagement-online.de\/daniel\/files\/2019\/07\/tools-155856.png?fit=1200%2C798&ssl=1&resize=525%2C300 1.5x, https:\/\/i0.wp.com\/kulturmanagement-online.de\/daniel\/files\/2019\/07\/tools-155856.png?fit=1200%2C798&ssl=1&resize=700%2C400 2x, https:\/\/i0.wp.com\/kulturmanagement-online.de\/daniel\/files\/2019\/07\/tools-155856.png?fit=1200%2C798&ssl=1&resize=1050%2C600 3x"},"classes":[]},{"id":251,"url":"https:\/\/kulturmanagement-online.de\/daniel\/2017\/08\/02\/rundbrief-stadtteilarbeit\/","url_meta":{"origin":245,"position":5},"title":"Rundbrief Stadtteilarbeit","author":"D.","date":"2. August 2017","format":false,"excerpt":"Leider kann ich der Einladung zur Vorstellung des Konzepts von unser-quartier.de auf der Jahrestagung Stadtteilarbeit: \u201eNetze nutzen! im sozialen und im digitalen Raum\u201c am 18. und 19. Oktober nach M\u00fcnchen nicht folgen, da wir in unserem Projekt zeitgleich die j\u00e4hrliche Herbstakademie unter dem Titel \"Selbstbestimmt freiwillig!?\" in Duisburg veranstalten. Als\u2026","rel":"","context":"In &quot;Ver\u00f6ffentlichungen&quot;","block_context":{"text":"Ver\u00f6ffentlichungen","link":"https:\/\/kulturmanagement-online.de\/daniel\/category\/veroeffentlichungen\/"},"img":{"alt_text":"Jahrestagung Verband f\u00fcr sozial-kulturelle Arbeit e.V.","src":"https:\/\/i0.wp.com\/kulturmanagement-online.de\/daniel\/files\/2017\/08\/Jahrestagung-Verband-f%C3%BCr-sozial-kulturelle-Arbeit-ev-700.jpg?fit=700%2C372&ssl=1&resize=350%2C200","width":350,"height":200,"srcset":"https:\/\/i0.wp.com\/kulturmanagement-online.de\/daniel\/files\/2017\/08\/Jahrestagung-Verband-f%C3%BCr-sozial-kulturelle-Arbeit-ev-700.jpg?fit=700%2C372&ssl=1&resize=350%2C200 1x, https:\/\/i0.wp.com\/kulturmanagement-online.de\/daniel\/files\/2017\/08\/Jahrestagung-Verband-f%C3%BCr-sozial-kulturelle-Arbeit-ev-700.jpg?fit=700%2C372&ssl=1&resize=525%2C300 1.5x, https:\/\/i0.wp.com\/kulturmanagement-online.de\/daniel\/files\/2017\/08\/Jahrestagung-Verband-f%C3%BCr-sozial-kulturelle-Arbeit-ev-700.jpg?fit=700%2C372&ssl=1&resize=700%2C400 2x"},"classes":[]}],"jetpack_sharing_enabled":true,"_links":{"self":[{"href":"https:\/\/kulturmanagement-online.de\/daniel\/wp-json\/wp\/v2\/posts\/245","targetHints":{"allow":["GET"]}}],"collection":[{"href":"https:\/\/kulturmanagement-online.de\/daniel\/wp-json\/wp\/v2\/posts"}],"about":[{"href":"https:\/\/kulturmanagement-online.de\/daniel\/wp-json\/wp\/v2\/types\/post"}],"author":[{"embeddable":true,"href":"https:\/\/kulturmanagement-online.de\/daniel\/wp-json\/wp\/v2\/users\/2"}],"replies":[{"embeddable":true,"href":"https:\/\/kulturmanagement-online.de\/daniel\/wp-json\/wp\/v2\/comments?post=245"}],"version-history":[{"count":0,"href":"https:\/\/kulturmanagement-online.de\/daniel\/wp-json\/wp\/v2\/posts\/245\/revisions"}],"wp:featuredmedia":[{"embeddable":true,"href":"https:\/\/kulturmanagement-online.de\/daniel\/wp-json\/wp\/v2\/media\/246"}],"wp:attachment":[{"href":"https:\/\/kulturmanagement-online.de\/daniel\/wp-json\/wp\/v2\/media?parent=245"}],"wp:term":[{"taxonomy":"category","embeddable":true,"href":"https:\/\/kulturmanagement-online.de\/daniel\/wp-json\/wp\/v2\/categories?post=245"},{"taxonomy":"post_tag","embeddable":true,"href":"https:\/\/kulturmanagement-online.de\/daniel\/wp-json\/wp\/v2\/tags?post=245"}],"curies":[{"name":"wp","href":"https:\/\/api.w.org\/{rel}","templated":true}]}}