{"id":248,"date":"2017-07-09T17:35:17","date_gmt":"2017-07-09T15:35:17","guid":{"rendered":"https:\/\/kulturmanagement-online.de\/daniel\/?p=248"},"modified":"2017-07-09T17:35:17","modified_gmt":"2017-07-09T15:35:17","slug":"website-zum-sommerspektakel-international-2017","status":"publish","type":"post","link":"https:\/\/kulturmanagement-online.de\/daniel\/2017\/07\/09\/website-zum-sommerspektakel-international-2017\/","title":{"rendered":"Website zum Sommerspektakel international #2017"},"content":{"rendered":"<p>Auch in diesem Jahr konnte ich wieder die Website zum Sommerspektakel international f\u00fcr Kinder und Jugendliche in Leverkusen aktualisieren. Neben einigen kleineren technischen Anpassungen standen in erster Linie redaktionelle Aufgaben im Vordergrund.<\/p>\n<p><!--more--><\/p>\n<p>Das Sommerspektakel wird in diesem Jahr zum Dritten Mal unter der Stelzenbr\u00fccke durchgef\u00fchrt. Organisiert wird es von der Jugendszene LEV, dem tr\u00e4ger\u00fcbergreifenden Netzwerk aus dem Bereich der offenen Kinder- und Jugendarbeit.<\/p>\n<p><a href=\"https:\/\/sommerspektakel-lev.de\/\" data-wpel-link=\"external\" target=\"_self\" rel=\"external noopener noreferrer\" title=\"Externer Link zu: \" class=\"wpel-icon-right\">Website zum Sommerspektakel international #2017 besuchen<i class=\"wpel-icon fa fa-external-link-square\" aria-hidden=\"true\"><\/i><\/a><\/p>\n","protected":false},"excerpt":{"rendered":"<p>Auch in diesem Jahr konnte ich wieder die Website zum Sommerspektakel international f\u00fcr Kinder und Jugendliche in Leverkusen aktualisieren. Neben einigen kleineren technischen Anpassungen standen in erster Linie redaktionelle Aufgaben &#8230; <\/p>\n<p class=\"read-more-container\"><a title=\"Website zum Sommerspektakel international #2017\" class=\"read-more button\" href=\"https:\/\/kulturmanagement-online.de\/daniel\/2017\/07\/09\/website-zum-sommerspektakel-international-2017\/#more-248\" aria-label=\"Mehr Informationen \u00fcber Website zum Sommerspektakel international #2017\" data-wpel-link=\"internal\">Read more<\/a><\/p>\n","protected":false},"author":2,"featured_media":249,"comment_status":"closed","ping_status":"closed","sticky":false,"template":"","format":"standard","meta":{"inline_featured_image":false,"_uag_custom_page_level_css":"","jetpack_post_was_ever_published":false,"_jetpack_newsletter_access":"","_jetpack_dont_email_post_to_subs":false,"_jetpack_newsletter_tier_id":0,"_jetpack_memberships_contains_paywalled_content":false,"_jetpack_memberships_contains_paid_content":false,"footnotes":""},"categories":[1],"tags":[19,20,17,18],"class_list":["post-248","post","type-post","status-publish","format-standard","has-post-thumbnail","hentry","category-digitales","tag-jugendszene-lev","tag-kinder-und-jugendliche","tag-leverkusen","tag-sommerspektakel"],"jetpack_featured_media_url":"https:\/\/i0.wp.com\/kulturmanagement-online.de\/daniel\/files\/2017\/07\/2017-07-09-17_24_10-Sommerspektakel-International-2017-%E2%80%93-F%C3%BCr-Kinder-und-Jugendliche.png?fit=1194%2C758&ssl=1","uagb_featured_image_src":{"full":["https:\/\/i0.wp.com\/kulturmanagement-online.de\/daniel\/files\/2017\/07\/2017-07-09-17_24_10-Sommerspektakel-International-2017-%E2%80%93-F%C3%BCr-Kinder-und-Jugendliche.png?fit=1194%2C758&ssl=1",1194,758,false],"thumbnail":["https:\/\/i0.wp.com\/kulturmanagement-online.de\/daniel\/files\/2017\/07\/2017-07-09-17_24_10-Sommerspektakel-International-2017-%E2%80%93-F%C3%BCr-Kinder-und-Jugendliche.png?resize=150%2C150&ssl=1",150,150,true],"medium":["https:\/\/i0.wp.com\/kulturmanagement-online.de\/daniel\/files\/2017\/07\/2017-07-09-17_24_10-Sommerspektakel-International-2017-%E2%80%93-F%C3%BCr-Kinder-und-Jugendliche.png?fit=300%2C190&ssl=1",300,190,true],"medium_large":["https:\/\/i0.wp.com\/kulturmanagement-online.de\/daniel\/files\/2017\/07\/2017-07-09-17_24_10-Sommerspektakel-International-2017-%E2%80%93-F%C3%BCr-Kinder-und-Jugendliche.png?fit=768%2C488&ssl=1",768,488,true],"large":["https:\/\/i0.wp.com\/kulturmanagement-online.de\/daniel\/files\/2017\/07\/2017-07-09-17_24_10-Sommerspektakel-International-2017-%E2%80%93-F%C3%BCr-Kinder-und-Jugendliche.png?fit=1024%2C650&ssl=1",1024,650,true],"1536x1536":["https:\/\/i0.wp.com\/kulturmanagement-online.de\/daniel\/files\/2017\/07\/2017-07-09-17_24_10-Sommerspektakel-International-2017-%E2%80%93-F%C3%BCr-Kinder-und-Jugendliche.png?fit=1194%2C758&ssl=1",1194,758,true],"2048x2048":["https:\/\/i0.wp.com\/kulturmanagement-online.de\/daniel\/files\/2017\/07\/2017-07-09-17_24_10-Sommerspektakel-International-2017-%E2%80%93-F%C3%BCr-Kinder-und-Jugendliche.png?fit=1194%2C758&ssl=1",1194,758,true]},"uagb_author_info":{"display_name":"D.","author_link":"https:\/\/kulturmanagement-online.de\/daniel\/author\/daniel\/"},"uagb_comment_info":0,"uagb_excerpt":"Auch in diesem Jahr konnte ich wieder die Website zum Sommerspektakel international f\u00fcr Kinder und Jugendliche in Leverkusen aktualisieren. Neben einigen kleineren technischen Anpassungen standen in erster Linie redaktionelle Aufgaben ... Read more","jetpack_shortlink":"https:\/\/wp.me\/p8KGV1-40","jetpack-related-posts":[{"id":257,"url":"https:\/\/kulturmanagement-online.de\/daniel\/2017\/09\/22\/rehacare-kongress-2017-wir-fuers-quartier\/","url_meta":{"origin":248,"position":0},"title":"REHACARE-Kongress 2017 &#8222;Wir f\u00fcrs Quartier&#8220;","author":"D.","date":"22. September 2017","format":false,"excerpt":"Am 6. Oktober 2017 im Messe- und Kongresszentrum D\u00fcsseldorf habe ich die M\u00f6glichkeit das Projekt unser-quartier.de im Rahmen von Thementischen mit Fachpublikum, insbesondere unter Aspekten der Nachhaltigkeit, zu diskutieren. Im angegliederten Quartiersmarkt wird das Forum Seniorenarbeit mit einem Infostand vertreten sein. Tisch 5: Technische Modelle f\u00fcrs Quartier Virtuelle Quartiersportale -\u2026","rel":"","context":"In &quot;Referate, Workshops und Gremien&quot;","block_context":{"text":"Referate, Workshops und Gremien","link":"https:\/\/kulturmanagement-online.de\/daniel\/category\/referate-und-workshops\/"},"img":{"alt_text":"Logo des REHACARE Kongress 2017","src":"https:\/\/i0.wp.com\/kulturmanagement-online.de\/daniel\/files\/2017\/09\/Logo-REHACARE-Kongress-2017.jpg?fit=500%2C250&ssl=1&resize=350%2C200","width":350,"height":200},"classes":[]},{"id":284,"url":"https:\/\/kulturmanagement-online.de\/daniel\/2019\/04\/09\/20-jahre-socialnet\/","url_meta":{"origin":248,"position":1},"title":"20 Jahre socialnet!","author":"D.","date":"9. April 2019","format":false,"excerpt":"Als Mitgesellschafter und langj\u00e4hriges Teammitglied von socialnet ber\u00fchrt mich dieses Jubil\u00e4um in ganz besonderer Weise. Christian Koch hat in seinem Editorial in diesem Monat einen R\u00fcckblick und Ausblick formuliert, der die vielen unbekannten Variablen aufzeigt und eine nicht ganz normale Firmengeschichte skizziert, die im sozialen Sektor ihresgleichen sucht. F\u00fcr mich\u2026","rel":"","context":"In &quot;Digitales&quot;","block_context":{"text":"Digitales","link":"https:\/\/kulturmanagement-online.de\/daniel\/category\/digitales\/"},"img":{"alt_text":"Screenshot der Startseite","src":"https:\/\/i0.wp.com\/kulturmanagement-online.de\/daniel\/files\/2019\/04\/2019-04-09-21_00_28-20-Jahre-socialnet-%E2%80%93-Die-Website-zum-Jubil%C3%A4um.png?fit=1200%2C633&ssl=1&resize=350%2C200","width":350,"height":200,"srcset":"https:\/\/i0.wp.com\/kulturmanagement-online.de\/daniel\/files\/2019\/04\/2019-04-09-21_00_28-20-Jahre-socialnet-%E2%80%93-Die-Website-zum-Jubil%C3%A4um.png?fit=1200%2C633&ssl=1&resize=350%2C200 1x, https:\/\/i0.wp.com\/kulturmanagement-online.de\/daniel\/files\/2019\/04\/2019-04-09-21_00_28-20-Jahre-socialnet-%E2%80%93-Die-Website-zum-Jubil%C3%A4um.png?fit=1200%2C633&ssl=1&resize=525%2C300 1.5x, https:\/\/i0.wp.com\/kulturmanagement-online.de\/daniel\/files\/2019\/04\/2019-04-09-21_00_28-20-Jahre-socialnet-%E2%80%93-Die-Website-zum-Jubil%C3%A4um.png?fit=1200%2C633&ssl=1&resize=700%2C400 2x, https:\/\/i0.wp.com\/kulturmanagement-online.de\/daniel\/files\/2019\/04\/2019-04-09-21_00_28-20-Jahre-socialnet-%E2%80%93-Die-Website-zum-Jubil%C3%A4um.png?fit=1200%2C633&ssl=1&resize=1050%2C600 3x"},"classes":[]},{"id":260,"url":"https:\/\/kulturmanagement-online.de\/daniel\/2017\/11\/01\/runde-zahlen-bei-der-socialnet-gmbh\/","url_meta":{"origin":248,"position":2},"title":"Runde Zahlen bei der socialnet GmbH","author":"D.","date":"1. November 2017","format":false,"excerpt":"Als Mitgesellschafter der socialnet GmbH berichte ich gerne \u00fcber den aktuellen Entwicklungsstand einzelner Bereiche. Vor kurzem wurde eine Pressemitteilung zum Stand des Informationsportals ver\u00f6ffentlicht: socialnet bietet seit 1999 kostenlosen Zugang zu Fachinformationen f\u00fcr das Sozial- und Gesundheitswesen. Das Hauptportal www.socialnet.de bietet Fachbuchbesprechungen von \u201eAltenpflege\u201c bis \u201eSozialmanagement\u201c, Materialien von der Arbeitshilfe\u2026","rel":"","context":"In &quot;Partner&quot;","block_context":{"text":"Partner","link":"https:\/\/kulturmanagement-online.de\/daniel\/category\/partner\/"},"img":{"alt_text":"Screenshot socialnet website","src":"https:\/\/i0.wp.com\/kulturmanagement-online.de\/daniel\/files\/2017\/11\/Screenshot-socialnet.png?fit=1200%2C633&ssl=1&resize=350%2C200","width":350,"height":200,"srcset":"https:\/\/i0.wp.com\/kulturmanagement-online.de\/daniel\/files\/2017\/11\/Screenshot-socialnet.png?fit=1200%2C633&ssl=1&resize=350%2C200 1x, https:\/\/i0.wp.com\/kulturmanagement-online.de\/daniel\/files\/2017\/11\/Screenshot-socialnet.png?fit=1200%2C633&ssl=1&resize=525%2C300 1.5x, https:\/\/i0.wp.com\/kulturmanagement-online.de\/daniel\/files\/2017\/11\/Screenshot-socialnet.png?fit=1200%2C633&ssl=1&resize=700%2C400 2x, https:\/\/i0.wp.com\/kulturmanagement-online.de\/daniel\/files\/2017\/11\/Screenshot-socialnet.png?fit=1200%2C633&ssl=1&resize=1050%2C600 3x"},"classes":[]},{"id":230,"url":"https:\/\/kulturmanagement-online.de\/daniel\/2017\/03\/27\/start-ws-digibe-2017\/","url_meta":{"origin":248,"position":3},"title":"Start WS DigiBE 2017","author":"D.","date":"27. M\u00e4rz 2017","format":false,"excerpt":"In K\u00f6ln startete heute der 10. Workshop zum Aufbau von Quartiersplattformen im Rahmen des Netzwerks Engagement \u00e4lterer Menschen in der Digitalen Gesellschaft. In 8 Tandems arbeiten wir in den n\u00e4chsten Wochen an den Projekten der Beteiligten. Die N\u00e4chste Workshoprunde startet im September in Haltern am See. Links zum Thema: Website\u2026","rel":"","context":"In &quot;Referate, Workshops und Gremien&quot;","block_context":{"text":"Referate, Workshops und Gremien","link":"https:\/\/kulturmanagement-online.de\/daniel\/category\/referate-und-workshops\/"},"img":{"alt_text":"Screenshot des Musterportals","src":"https:\/\/i0.wp.com\/kulturmanagement-online.de\/daniel\/files\/2017\/03\/2017-06-03-11_31_21-Unser-Quartier-Musterstadt-%E2%80%93-Gut-leben-im-Alter.png?fit=574%2C489&ssl=1&resize=350%2C200","width":350,"height":200,"srcset":"https:\/\/i0.wp.com\/kulturmanagement-online.de\/daniel\/files\/2017\/03\/2017-06-03-11_31_21-Unser-Quartier-Musterstadt-%E2%80%93-Gut-leben-im-Alter.png?fit=574%2C489&ssl=1&resize=350%2C200 1x, https:\/\/i0.wp.com\/kulturmanagement-online.de\/daniel\/files\/2017\/03\/2017-06-03-11_31_21-Unser-Quartier-Musterstadt-%E2%80%93-Gut-leben-im-Alter.png?fit=574%2C489&ssl=1&resize=525%2C300 1.5x"},"classes":[]},{"id":222,"url":"https:\/\/kulturmanagement-online.de\/daniel\/2017\/02\/08\/workshop-auf-dem-fachtag-vernetz-oder-abgehaengt\/","url_meta":{"origin":248,"position":4},"title":"Workshop auf dem Fachtag &#8222;Vernetz oder abgeh\u00e4ngt?!&#8220;","author":"D.","date":"8. Februar 2017","format":false,"excerpt":"Am 30. Januar 2017 in Stuttgart hatte ich die M\u00f6glichkeit das Konzept unser-quartier.de auf dem Fachtag Vernetzt oder abgeh\u00e4ngt?! Zusammenleben und Teilhabe \u00e4lterer Menschen im digitalen Zeitalter zu pr\u00e4sentieren und mit dem Publikum zu diskutieren. Die Pr\u00e4sentation ist online verf\u00fcgbar: Digitale Lebenswelten in Quartier und Nachbarschaft Website zum Fachtag Foto:\u2026","rel":"","context":"In &quot;Referate, Workshops und Gremien&quot;","block_context":{"text":"Referate, Workshops und Gremien","link":"https:\/\/kulturmanagement-online.de\/daniel\/category\/referate-und-workshops\/"},"img":{"alt_text":"","src":"https:\/\/i0.wp.com\/kulturmanagement-online.de\/daniel\/files\/2017\/05\/Fachtag-Baden-W%C3%BCrtemmberg-01-2017.jpg?fit=810%2C540&ssl=1&resize=350%2C200","width":350,"height":200,"srcset":"https:\/\/i0.wp.com\/kulturmanagement-online.de\/daniel\/files\/2017\/05\/Fachtag-Baden-W%C3%BCrtemmberg-01-2017.jpg?fit=810%2C540&ssl=1&resize=350%2C200 1x, https:\/\/i0.wp.com\/kulturmanagement-online.de\/daniel\/files\/2017\/05\/Fachtag-Baden-W%C3%BCrtemmberg-01-2017.jpg?fit=810%2C540&ssl=1&resize=525%2C300 1.5x, https:\/\/i0.wp.com\/kulturmanagement-online.de\/daniel\/files\/2017\/05\/Fachtag-Baden-W%C3%BCrtemmberg-01-2017.jpg?fit=810%2C540&ssl=1&resize=700%2C400 2x"},"classes":[]},{"id":242,"url":"https:\/\/kulturmanagement-online.de\/daniel\/2017\/06\/12\/fachgespraech-sozialraum-digital\/","url_meta":{"origin":248,"position":5},"title":"Fachgespr\u00e4ch Sozialraum Digital","author":"D.","date":"12. Juni 2017","format":false,"excerpt":"Im Rahmen des Digitalgipfels der Bundesregierung war ich f\u00fcr das KDA heute zum Fachgespr\u00e4ch \u201eSozialraum Digital \u2013 \u00c4ltere Menschen als Co-Entwickler neuer Technik\" in Ludwigshafen eingeladen. In den R\u00e4umen des Ernst Bloch Zentrums f\u00fchrten zun\u00e4chst Prof. Dr. Claudia M\u00fcller von der Universit\u00e4t Siegen und anschlie\u00dfend Prof. Dr. Sabine Sachweh von\u2026","rel":"","context":"In &quot;Referate, Workshops und Gremien&quot;","block_context":{"text":"Referate, Workshops und Gremien","link":"https:\/\/kulturmanagement-online.de\/daniel\/category\/referate-und-workshops\/"},"img":{"alt_text":"Ernst Bloch Zentrum","src":"https:\/\/i0.wp.com\/kulturmanagement-online.de\/daniel\/files\/2017\/06\/photo_2017-06-12_22-02-57.jpg?fit=1200%2C675&ssl=1&resize=350%2C200","width":350,"height":200,"srcset":"https:\/\/i0.wp.com\/kulturmanagement-online.de\/daniel\/files\/2017\/06\/photo_2017-06-12_22-02-57.jpg?fit=1200%2C675&ssl=1&resize=350%2C200 1x, https:\/\/i0.wp.com\/kulturmanagement-online.de\/daniel\/files\/2017\/06\/photo_2017-06-12_22-02-57.jpg?fit=1200%2C675&ssl=1&resize=525%2C300 1.5x, https:\/\/i0.wp.com\/kulturmanagement-online.de\/daniel\/files\/2017\/06\/photo_2017-06-12_22-02-57.jpg?fit=1200%2C675&ssl=1&resize=700%2C400 2x, https:\/\/i0.wp.com\/kulturmanagement-online.de\/daniel\/files\/2017\/06\/photo_2017-06-12_22-02-57.jpg?fit=1200%2C675&ssl=1&resize=1050%2C600 3x"},"classes":[]}],"jetpack_sharing_enabled":true,"_links":{"self":[{"href":"https:\/\/kulturmanagement-online.de\/daniel\/wp-json\/wp\/v2\/posts\/248","targetHints":{"allow":["GET"]}}],"collection":[{"href":"https:\/\/kulturmanagement-online.de\/daniel\/wp-json\/wp\/v2\/posts"}],"about":[{"href":"https:\/\/kulturmanagement-online.de\/daniel\/wp-json\/wp\/v2\/types\/post"}],"author":[{"embeddable":true,"href":"https:\/\/kulturmanagement-online.de\/daniel\/wp-json\/wp\/v2\/users\/2"}],"replies":[{"embeddable":true,"href":"https:\/\/kulturmanagement-online.de\/daniel\/wp-json\/wp\/v2\/comments?post=248"}],"version-history":[{"count":0,"href":"https:\/\/kulturmanagement-online.de\/daniel\/wp-json\/wp\/v2\/posts\/248\/revisions"}],"wp:featuredmedia":[{"embeddable":true,"href":"https:\/\/kulturmanagement-online.de\/daniel\/wp-json\/wp\/v2\/media\/249"}],"wp:attachment":[{"href":"https:\/\/kulturmanagement-online.de\/daniel\/wp-json\/wp\/v2\/media?parent=248"}],"wp:term":[{"taxonomy":"category","embeddable":true,"href":"https:\/\/kulturmanagement-online.de\/daniel\/wp-json\/wp\/v2\/categories?post=248"},{"taxonomy":"post_tag","embeddable":true,"href":"https:\/\/kulturmanagement-online.de\/daniel\/wp-json\/wp\/v2\/tags?post=248"}],"curies":[{"name":"wp","href":"https:\/\/api.w.org\/{rel}","templated":true}]}}