{"id":251,"date":"2017-08-02T21:44:36","date_gmt":"2017-08-02T19:44:36","guid":{"rendered":"https:\/\/kulturmanagement-online.de\/daniel\/?p=251"},"modified":"2017-08-02T21:44:36","modified_gmt":"2017-08-02T19:44:36","slug":"rundbrief-stadtteilarbeit","status":"publish","type":"post","link":"https:\/\/kulturmanagement-online.de\/daniel\/2017\/08\/02\/rundbrief-stadtteilarbeit\/","title":{"rendered":"Rundbrief Stadtteilarbeit"},"content":{"rendered":"<p>Leider kann ich der Einladung zur Vorstellung des Konzepts von <a href=\"https:\/\/unser-quartier.de\" data-wpel-link=\"external\" target=\"_self\" rel=\"external noopener noreferrer\" title=\"Externer Link zu: \" class=\"wpel-icon-right\">unser-quartier.de<i class=\"wpel-icon fa fa-external-link-square\" aria-hidden=\"true\"><\/i><\/a> auf der Jahrestagung Stadtteilarbeit: \u201e<strong>Netze nutzen! im sozialen und im digitalen Raum<\/strong>\u201c am 18. und 19. Oktober nach M\u00fcnchen nicht folgen, da wir in unserem Projekt zeitgleich die j\u00e4hrliche <a href=\"https:\/\/forum-seniorenarbeit.de\/herbstakademie\/\" data-wpel-link=\"external\" target=\"_self\" rel=\"external noopener noreferrer\" title=\"Externer Link zu: \" class=\"wpel-icon-right\">Herbstakademie unter dem Titel &#8222;Selbstbestimmt freiwillig!?&#8220;<i class=\"wpel-icon fa fa-external-link-square\" aria-hidden=\"true\"><\/i><\/a> in Duisburg veranstalten.<\/p>\n<p>Als kleinen Trost kann ich aber einen <a href=\"http:\/\/vska.de\/der-verband\/publikationen\/rundbriefe\/\" data-wpel-link=\"external\" target=\"_self\" rel=\"external noopener noreferrer\" title=\"Externer Link zu: \" class=\"wpel-icon-right\">Fachbeitrag f\u00fcr Rundbrief Stadtteilarbeit<i class=\"wpel-icon fa fa-external-link-square\" aria-hidden=\"true\"><\/i><\/a> schreiben. Die Ver\u00f6ffentlichung ist f\u00fcr Oktober vorgesehen.<\/p>\n","protected":false},"excerpt":{"rendered":"<p>Leider kann ich der Einladung zur Vorstellung des Konzepts von unser-quartier.de auf der Jahrestagung Stadtteilarbeit: \u201eNetze nutzen! im sozialen und im digitalen Raum\u201c am 18. und 19. Oktober nach M\u00fcnchen &#8230; <\/p>\n<p class=\"read-more-container\"><a title=\"Rundbrief Stadtteilarbeit\" class=\"read-more button\" href=\"https:\/\/kulturmanagement-online.de\/daniel\/2017\/08\/02\/rundbrief-stadtteilarbeit\/#more-251\" aria-label=\"Mehr Informationen \u00fcber Rundbrief Stadtteilarbeit\" data-wpel-link=\"internal\">Read more<\/a><\/p>\n","protected":false},"author":2,"featured_media":255,"comment_status":"closed","ping_status":"closed","sticky":false,"template":"","format":"standard","meta":{"inline_featured_image":false,"_uag_custom_page_level_css":"","jetpack_post_was_ever_published":false,"_jetpack_newsletter_access":"","_jetpack_dont_email_post_to_subs":false,"_jetpack_newsletter_tier_id":0,"_jetpack_memberships_contains_paywalled_content":false,"_jetpack_memberships_contains_paid_content":false,"footnotes":""},"categories":[4],"tags":[8,23],"class_list":["post-251","post","type-post","status-publish","format-standard","has-post-thumbnail","hentry","category-veroeffentlichungen","tag-kda","tag-stadtteilarbeit"],"jetpack_featured_media_url":"https:\/\/i0.wp.com\/kulturmanagement-online.de\/daniel\/files\/2017\/08\/Jahrestagung-Verband-f%C3%BCr-sozial-kulturelle-Arbeit-ev-700.jpg?fit=700%2C372&ssl=1","uagb_featured_image_src":{"full":["https:\/\/i0.wp.com\/kulturmanagement-online.de\/daniel\/files\/2017\/08\/Jahrestagung-Verband-f%C3%BCr-sozial-kulturelle-Arbeit-ev-700.jpg?fit=700%2C372&ssl=1",700,372,false],"thumbnail":["https:\/\/i0.wp.com\/kulturmanagement-online.de\/daniel\/files\/2017\/08\/Jahrestagung-Verband-f%C3%BCr-sozial-kulturelle-Arbeit-ev-700.jpg?resize=150%2C150&ssl=1",150,150,true],"medium":["https:\/\/i0.wp.com\/kulturmanagement-online.de\/daniel\/files\/2017\/08\/Jahrestagung-Verband-f%C3%BCr-sozial-kulturelle-Arbeit-ev-700.jpg?fit=300%2C159&ssl=1",300,159,true],"medium_large":["https:\/\/i0.wp.com\/kulturmanagement-online.de\/daniel\/files\/2017\/08\/Jahrestagung-Verband-f%C3%BCr-sozial-kulturelle-Arbeit-ev-700.jpg?fit=700%2C372&ssl=1",700,372,true],"large":["https:\/\/i0.wp.com\/kulturmanagement-online.de\/daniel\/files\/2017\/08\/Jahrestagung-Verband-f%C3%BCr-sozial-kulturelle-Arbeit-ev-700.jpg?fit=700%2C372&ssl=1",700,372,true],"1536x1536":["https:\/\/i0.wp.com\/kulturmanagement-online.de\/daniel\/files\/2017\/08\/Jahrestagung-Verband-f%C3%BCr-sozial-kulturelle-Arbeit-ev-700.jpg?fit=700%2C372&ssl=1",700,372,true],"2048x2048":["https:\/\/i0.wp.com\/kulturmanagement-online.de\/daniel\/files\/2017\/08\/Jahrestagung-Verband-f%C3%BCr-sozial-kulturelle-Arbeit-ev-700.jpg?fit=700%2C372&ssl=1",700,372,true]},"uagb_author_info":{"display_name":"D.","author_link":"https:\/\/kulturmanagement-online.de\/daniel\/author\/daniel\/"},"uagb_comment_info":0,"uagb_excerpt":"Leider kann ich der Einladung zur Vorstellung des Konzepts von unser-quartier.de auf der Jahrestagung Stadtteilarbeit: \u201eNetze nutzen! im sozialen und im digitalen Raum\u201c am 18. und 19. Oktober nach M\u00fcnchen ... Read more","jetpack_shortlink":"https:\/\/wp.me\/p8KGV1-43","jetpack-related-posts":[{"id":263,"url":"https:\/\/kulturmanagement-online.de\/daniel\/2018\/01\/22\/die-digitalisierungswelle-erfasst-auch-die-seniorenarbeit-mit-stellenausschreibung\/","url_meta":{"origin":251,"position":0},"title":"Die Digitalisierungswelle erfasst auch die Seniorenarbeit (mit Stellenausschreibung)","author":"D.","date":"22. Januar 2018","format":false,"excerpt":"Ende letzten Jahres nahm ich an einigen Arbeitsgruppe und Beir\u00e4ten teil, die deutlich machen, dass die Digitalisierungswelle nun auch auf die Seniorenarbeit zukommt. Das Themenspektrum ist breit und reicht von der Neuausrichtung von Bildungsszenarien f\u00fcr die Zielgruppe \u00e4lterer Menschen bis hin zu konkreteren Themen, wie Nachbarschaftsarbeit f\u00fcr \u00c4ltere auch durch\u2026","rel":"","context":"In &quot;Digitales&quot;","block_context":{"text":"Digitales","link":"https:\/\/kulturmanagement-online.de\/daniel\/category\/digitales\/"},"img":{"alt_text":"Zahnr\u00e4der im Netzwerk","src":"https:\/\/i0.wp.com\/kulturmanagement-online.de\/daniel\/files\/2018\/01\/business-2082639.jpg?fit=1200%2C675&ssl=1&resize=350%2C200","width":350,"height":200,"srcset":"https:\/\/i0.wp.com\/kulturmanagement-online.de\/daniel\/files\/2018\/01\/business-2082639.jpg?fit=1200%2C675&ssl=1&resize=350%2C200 1x, https:\/\/i0.wp.com\/kulturmanagement-online.de\/daniel\/files\/2018\/01\/business-2082639.jpg?fit=1200%2C675&ssl=1&resize=525%2C300 1.5x, https:\/\/i0.wp.com\/kulturmanagement-online.de\/daniel\/files\/2018\/01\/business-2082639.jpg?fit=1200%2C675&ssl=1&resize=700%2C400 2x, https:\/\/i0.wp.com\/kulturmanagement-online.de\/daniel\/files\/2018\/01\/business-2082639.jpg?fit=1200%2C675&ssl=1&resize=1050%2C600 3x"},"classes":[]},{"id":257,"url":"https:\/\/kulturmanagement-online.de\/daniel\/2017\/09\/22\/rehacare-kongress-2017-wir-fuers-quartier\/","url_meta":{"origin":251,"position":1},"title":"REHACARE-Kongress 2017 &#8222;Wir f\u00fcrs Quartier&#8220;","author":"D.","date":"22. September 2017","format":false,"excerpt":"Am 6. Oktober 2017 im Messe- und Kongresszentrum D\u00fcsseldorf habe ich die M\u00f6glichkeit das Projekt unser-quartier.de im Rahmen von Thementischen mit Fachpublikum, insbesondere unter Aspekten der Nachhaltigkeit, zu diskutieren. Im angegliederten Quartiersmarkt wird das Forum Seniorenarbeit mit einem Infostand vertreten sein. Tisch 5: Technische Modelle f\u00fcrs Quartier Virtuelle Quartiersportale -\u2026","rel":"","context":"In &quot;Referate, Workshops und Gremien&quot;","block_context":{"text":"Referate, Workshops und Gremien","link":"https:\/\/kulturmanagement-online.de\/daniel\/category\/referate-und-workshops\/"},"img":{"alt_text":"Logo des REHACARE Kongress 2017","src":"https:\/\/i0.wp.com\/kulturmanagement-online.de\/daniel\/files\/2017\/09\/Logo-REHACARE-Kongress-2017.jpg?fit=500%2C250&ssl=1&resize=350%2C200","width":350,"height":200},"classes":[]},{"id":245,"url":"https:\/\/kulturmanagement-online.de\/daniel\/2017\/07\/09\/weitere-arbeitsgruppen-und-beiraete-im-junijuli\/","url_meta":{"origin":251,"position":2},"title":"Weitere Arbeitsgruppen und Beir\u00e4te im Juni\/Juli","author":"D.","date":"9. Juli 2017","format":false,"excerpt":"In den letzten Wochen war ich viel unterwegs. Zwei interessante Arbeitsgruppen \/ Beir\u00e4te in denen ich f\u00fcr das KDA mitwirke, m\u00f6chte ich gerne kurz vorstellen: Die AG Neue Medien der BAGSO tagt zweimal im Jahr zu aktuellen Themen. Der Beirat des Projekts Verbraucherscouts NRW der Verbraucherzentrale NRW.","rel":"","context":"In &quot;Referate, Workshops und Gremien&quot;","block_context":{"text":"Referate, Workshops und Gremien","link":"https:\/\/kulturmanagement-online.de\/daniel\/category\/referate-und-workshops\/"},"img":{"alt_text":"Konferenztisch","src":"https:\/\/i0.wp.com\/kulturmanagement-online.de\/daniel\/files\/2017\/07\/conference-1886023_1920.jpg?fit=1200%2C800&ssl=1&resize=350%2C200","width":350,"height":200,"srcset":"https:\/\/i0.wp.com\/kulturmanagement-online.de\/daniel\/files\/2017\/07\/conference-1886023_1920.jpg?fit=1200%2C800&ssl=1&resize=350%2C200 1x, https:\/\/i0.wp.com\/kulturmanagement-online.de\/daniel\/files\/2017\/07\/conference-1886023_1920.jpg?fit=1200%2C800&ssl=1&resize=525%2C300 1.5x, https:\/\/i0.wp.com\/kulturmanagement-online.de\/daniel\/files\/2017\/07\/conference-1886023_1920.jpg?fit=1200%2C800&ssl=1&resize=700%2C400 2x, https:\/\/i0.wp.com\/kulturmanagement-online.de\/daniel\/files\/2017\/07\/conference-1886023_1920.jpg?fit=1200%2C800&ssl=1&resize=1050%2C600 3x"},"classes":[]},{"id":304,"url":"https:\/\/kulturmanagement-online.de\/daniel\/2021\/01\/16\/toolbox-2-0\/","url_meta":{"origin":251,"position":3},"title":"Toolbox 2.0","author":"D.","date":"16. Januar 2021","format":false,"excerpt":"In den letzten Wochen habe ich meine pers\u00f6nliche Toolbox angefangen online zu ver\u00f6ffentlichen. \u00dcber Weihnachten habe ich sie in eine Datenbankanwendung \u00fcberf\u00fchrt und erweitert. In der Zusammenarbeit mit NPOs merke ich immer wieder, dass es an pers\u00f6nlichen Technik-Kompetenzen, finanziellen Mitteln und Zeit fehlt, aufwendige Online-Projekte zu realisieren. Vielleicht ist meine\u2026","rel":"","context":"In &quot;Digitales&quot;","block_context":{"text":"Digitales","link":"https:\/\/kulturmanagement-online.de\/daniel\/category\/digitales\/"},"img":{"alt_text":"Illustration KM Toolbox","src":"https:\/\/i0.wp.com\/kulturmanagement-online.de\/daniel\/files\/2021\/01\/Beitragsillustration-Toolbox-2021.png?fit=1200%2C630&ssl=1&resize=350%2C200","width":350,"height":200,"srcset":"https:\/\/i0.wp.com\/kulturmanagement-online.de\/daniel\/files\/2021\/01\/Beitragsillustration-Toolbox-2021.png?fit=1200%2C630&ssl=1&resize=350%2C200 1x, https:\/\/i0.wp.com\/kulturmanagement-online.de\/daniel\/files\/2021\/01\/Beitragsillustration-Toolbox-2021.png?fit=1200%2C630&ssl=1&resize=525%2C300 1.5x, https:\/\/i0.wp.com\/kulturmanagement-online.de\/daniel\/files\/2021\/01\/Beitragsillustration-Toolbox-2021.png?fit=1200%2C630&ssl=1&resize=700%2C400 2x, https:\/\/i0.wp.com\/kulturmanagement-online.de\/daniel\/files\/2021\/01\/Beitragsillustration-Toolbox-2021.png?fit=1200%2C630&ssl=1&resize=1050%2C600 3x"},"classes":[]},{"id":242,"url":"https:\/\/kulturmanagement-online.de\/daniel\/2017\/06\/12\/fachgespraech-sozialraum-digital\/","url_meta":{"origin":251,"position":4},"title":"Fachgespr\u00e4ch Sozialraum Digital","author":"D.","date":"12. Juni 2017","format":false,"excerpt":"Im Rahmen des Digitalgipfels der Bundesregierung war ich f\u00fcr das KDA heute zum Fachgespr\u00e4ch \u201eSozialraum Digital \u2013 \u00c4ltere Menschen als Co-Entwickler neuer Technik\" in Ludwigshafen eingeladen. In den R\u00e4umen des Ernst Bloch Zentrums f\u00fchrten zun\u00e4chst Prof. Dr. Claudia M\u00fcller von der Universit\u00e4t Siegen und anschlie\u00dfend Prof. Dr. Sabine Sachweh von\u2026","rel":"","context":"In &quot;Referate, Workshops und Gremien&quot;","block_context":{"text":"Referate, Workshops und Gremien","link":"https:\/\/kulturmanagement-online.de\/daniel\/category\/referate-und-workshops\/"},"img":{"alt_text":"Ernst Bloch Zentrum","src":"https:\/\/i0.wp.com\/kulturmanagement-online.de\/daniel\/files\/2017\/06\/photo_2017-06-12_22-02-57.jpg?fit=1200%2C675&ssl=1&resize=350%2C200","width":350,"height":200,"srcset":"https:\/\/i0.wp.com\/kulturmanagement-online.de\/daniel\/files\/2017\/06\/photo_2017-06-12_22-02-57.jpg?fit=1200%2C675&ssl=1&resize=350%2C200 1x, https:\/\/i0.wp.com\/kulturmanagement-online.de\/daniel\/files\/2017\/06\/photo_2017-06-12_22-02-57.jpg?fit=1200%2C675&ssl=1&resize=525%2C300 1.5x, https:\/\/i0.wp.com\/kulturmanagement-online.de\/daniel\/files\/2017\/06\/photo_2017-06-12_22-02-57.jpg?fit=1200%2C675&ssl=1&resize=700%2C400 2x, https:\/\/i0.wp.com\/kulturmanagement-online.de\/daniel\/files\/2017\/06\/photo_2017-06-12_22-02-57.jpg?fit=1200%2C675&ssl=1&resize=1050%2C600 3x"},"classes":[]},{"id":201,"url":"https:\/\/kulturmanagement-online.de\/daniel\/2017\/05\/31\/social-software-de-relaunch\/","url_meta":{"origin":251,"position":5},"title":"social-software.de &#8211; Relaunch","author":"D.","date":"31. Mai 2017","format":false,"excerpt":"Im Jahre 2005 gr\u00fcndete ich das Portal social-software.de. Anders als der Name erwarten l\u00e4sst, ging es um eine Markt\u00fcbersicht f\u00fcr Software-Anwendungen im Sozial- und Gesundheitswesen. 2013 \u00fcbergab ich das Portal an Uwe Huchler. Am heutigen Tag wurde ein Relaunch ver\u00f6ffentlicht und die Technik an zeitgem\u00e4\u00dfe Standards angepa\u00dft. Viel Erfolg weiterhin.\u2026","rel":"","context":"In &quot;Partner&quot;","block_context":{"text":"Partner","link":"https:\/\/kulturmanagement-online.de\/daniel\/category\/partner\/"},"img":{"alt_text":"Screenshot social-software.de","src":"https:\/\/i0.wp.com\/kulturmanagement-online.de\/daniel\/files\/2017\/05\/2017-05-31-21_33_06-Startseite-_-social-software.de_.png?fit=1174%2C550&ssl=1&resize=350%2C200","width":350,"height":200,"srcset":"https:\/\/i0.wp.com\/kulturmanagement-online.de\/daniel\/files\/2017\/05\/2017-05-31-21_33_06-Startseite-_-social-software.de_.png?fit=1174%2C550&ssl=1&resize=350%2C200 1x, https:\/\/i0.wp.com\/kulturmanagement-online.de\/daniel\/files\/2017\/05\/2017-05-31-21_33_06-Startseite-_-social-software.de_.png?fit=1174%2C550&ssl=1&resize=525%2C300 1.5x, https:\/\/i0.wp.com\/kulturmanagement-online.de\/daniel\/files\/2017\/05\/2017-05-31-21_33_06-Startseite-_-social-software.de_.png?fit=1174%2C550&ssl=1&resize=700%2C400 2x, https:\/\/i0.wp.com\/kulturmanagement-online.de\/daniel\/files\/2017\/05\/2017-05-31-21_33_06-Startseite-_-social-software.de_.png?fit=1174%2C550&ssl=1&resize=1050%2C600 3x"},"classes":[]}],"jetpack_sharing_enabled":true,"_links":{"self":[{"href":"https:\/\/kulturmanagement-online.de\/daniel\/wp-json\/wp\/v2\/posts\/251","targetHints":{"allow":["GET"]}}],"collection":[{"href":"https:\/\/kulturmanagement-online.de\/daniel\/wp-json\/wp\/v2\/posts"}],"about":[{"href":"https:\/\/kulturmanagement-online.de\/daniel\/wp-json\/wp\/v2\/types\/post"}],"author":[{"embeddable":true,"href":"https:\/\/kulturmanagement-online.de\/daniel\/wp-json\/wp\/v2\/users\/2"}],"replies":[{"embeddable":true,"href":"https:\/\/kulturmanagement-online.de\/daniel\/wp-json\/wp\/v2\/comments?post=251"}],"version-history":[{"count":0,"href":"https:\/\/kulturmanagement-online.de\/daniel\/wp-json\/wp\/v2\/posts\/251\/revisions"}],"wp:featuredmedia":[{"embeddable":true,"href":"https:\/\/kulturmanagement-online.de\/daniel\/wp-json\/wp\/v2\/media\/255"}],"wp:attachment":[{"href":"https:\/\/kulturmanagement-online.de\/daniel\/wp-json\/wp\/v2\/media?parent=251"}],"wp:term":[{"taxonomy":"category","embeddable":true,"href":"https:\/\/kulturmanagement-online.de\/daniel\/wp-json\/wp\/v2\/categories?post=251"},{"taxonomy":"post_tag","embeddable":true,"href":"https:\/\/kulturmanagement-online.de\/daniel\/wp-json\/wp\/v2\/tags?post=251"}],"curies":[{"name":"wp","href":"https:\/\/api.w.org\/{rel}","templated":true}]}}