{"id":257,"date":"2017-09-22T18:40:33","date_gmt":"2017-09-22T16:40:33","guid":{"rendered":"https:\/\/kulturmanagement-online.de\/daniel\/?p=257"},"modified":"2018-01-22T20:56:08","modified_gmt":"2018-01-22T19:56:08","slug":"rehacare-kongress-2017-wir-fuers-quartier","status":"publish","type":"post","link":"https:\/\/kulturmanagement-online.de\/daniel\/2017\/09\/22\/rehacare-kongress-2017-wir-fuers-quartier\/","title":{"rendered":"REHACARE-Kongress 2017 &#8222;Wir f\u00fcrs Quartier&#8220;"},"content":{"rendered":"<p>Am 6. Oktober 2017 im Messe- und Kongresszentrum D\u00fcsseldorf habe ich die M\u00f6glichkeit das Projekt <a href=\"https:\/\/unser-quartier.de\" data-wpel-link=\"external\" target=\"_self\" rel=\"external noopener noreferrer\" title=\"Externer Link zu: \" class=\"wpel-icon-right\">unser-quartier.de<i class=\"wpel-icon fa fa-external-link-square\" aria-hidden=\"true\"><\/i><\/a> im Rahmen von Thementischen mit Fachpublikum, insbesondere unter Aspekten der Nachhaltigkeit, zu diskutieren. Im angegliederten Quartiersmarkt wird das <a href=\"https:\/\/forum-seniorenarbeit.de\" data-wpel-link=\"external\" target=\"_self\" rel=\"external noopener noreferrer\" title=\"Externer Link zu: \" class=\"wpel-icon-right\">Forum Seniorenarbeit<i class=\"wpel-icon fa fa-external-link-square\" aria-hidden=\"true\"><\/i><\/a> mit einem Infostand vertreten sein.<\/p>\n<p><!--more--><\/p>\n<p>Tisch 5: Technische Modelle f\u00fcrs Quartier<br \/>\n<strong>Virtuelle Quartiersportale &#8211; Aufbau und Betrieb von Informationssystemen f\u00fcrs Quartier<\/strong><br \/>\nDaniel Hoffmann, Kuratorium Deutsche Altershilfe, K\u00f6ln<\/p>\n<div class=\"toggle-element__trigger grid ng-scope\"><\/div>\n<p><strong>Worum geht`s?<\/strong><\/p>\n<p>Die Vernetzung und Aktivierung der \u00f6rtlichen Akteure sind zentrale Erfolgsfaktoren f\u00fcr die Quartiersarbeit.\u00a0 Den Austausch zu f\u00f6rdern und Beteiligungsprozesse der B\u00fcrgerinnen und B\u00fcrger im Quartier zu st\u00e4rken sind daher grundlegend f\u00fcr die Quartiersarbeit. An diesem Thementisch wird ein virtuelles Quartiersportal vorgestellt, das praktisch aufzeigt, wie der Austausch von Informationen und partizipative Prozesse im Quartier durch internetgest\u00fctzte Techniken angeregt werden k\u00f6nnen.<\/p>\n<p><a href=\"https:\/\/www.rehacare.de\/cgi-bin\/md_rehacare\/lib\/pub\/tt.cgi\/REHACARE-Kongress.html?oid=33394&amp;lang=1&amp;ticket=g_u_e_s_t\" data-wpel-link=\"external\" target=\"_self\" rel=\"external noopener noreferrer\" title=\"Externer Link zu: \" class=\"wpel-icon-right\">Weitere Informationen zum Kongress<i class=\"wpel-icon fa fa-external-link-square\" aria-hidden=\"true\"><\/i><\/a><\/p>\n","protected":false},"excerpt":{"rendered":"<p>Am 6. Oktober 2017 im Messe- und Kongresszentrum D\u00fcsseldorf habe ich die M\u00f6glichkeit das Projekt unser-quartier.de im Rahmen von Thementischen mit Fachpublikum, insbesondere unter Aspekten der Nachhaltigkeit, zu diskutieren. Im &#8230; <\/p>\n<p class=\"read-more-container\"><a title=\"REHACARE-Kongress 2017 &#8222;Wir f\u00fcrs Quartier&#8220;\" class=\"read-more button\" href=\"https:\/\/kulturmanagement-online.de\/daniel\/2017\/09\/22\/rehacare-kongress-2017-wir-fuers-quartier\/#more-257\" aria-label=\"Mehr Informationen \u00fcber REHACARE-Kongress 2017 &#8222;Wir f\u00fcrs Quartier&#8220;\" data-wpel-link=\"internal\">Read more<\/a><\/p>\n","protected":false},"author":2,"featured_media":258,"comment_status":"closed","ping_status":"closed","sticky":false,"template":"","format":"standard","meta":{"inline_featured_image":false,"_uag_custom_page_level_css":"","jetpack_post_was_ever_published":false,"_jetpack_newsletter_access":"","_jetpack_dont_email_post_to_subs":false,"_jetpack_newsletter_tier_id":0,"_jetpack_memberships_contains_paywalled_content":false,"_jetpack_memberships_contains_paid_content":false,"footnotes":""},"categories":[5],"tags":[8,25,24],"class_list":["post-257","post","type-post","status-publish","format-standard","has-post-thumbnail","hentry","category-referate-und-workshops","tag-kda","tag-quartiersplattformen","tag-rehacare"],"jetpack_featured_media_url":"https:\/\/i0.wp.com\/kulturmanagement-online.de\/daniel\/files\/2017\/09\/Logo-REHACARE-Kongress-2017.jpg?fit=500%2C250&ssl=1","uagb_featured_image_src":{"full":["https:\/\/i0.wp.com\/kulturmanagement-online.de\/daniel\/files\/2017\/09\/Logo-REHACARE-Kongress-2017.jpg?fit=500%2C250&ssl=1",500,250,false],"thumbnail":["https:\/\/i0.wp.com\/kulturmanagement-online.de\/daniel\/files\/2017\/09\/Logo-REHACARE-Kongress-2017.jpg?resize=150%2C150&ssl=1",150,150,true],"medium":["https:\/\/i0.wp.com\/kulturmanagement-online.de\/daniel\/files\/2017\/09\/Logo-REHACARE-Kongress-2017.jpg?fit=300%2C150&ssl=1",300,150,true],"medium_large":["https:\/\/i0.wp.com\/kulturmanagement-online.de\/daniel\/files\/2017\/09\/Logo-REHACARE-Kongress-2017.jpg?fit=500%2C250&ssl=1",500,250,true],"large":["https:\/\/i0.wp.com\/kulturmanagement-online.de\/daniel\/files\/2017\/09\/Logo-REHACARE-Kongress-2017.jpg?fit=500%2C250&ssl=1",500,250,true],"1536x1536":["https:\/\/i0.wp.com\/kulturmanagement-online.de\/daniel\/files\/2017\/09\/Logo-REHACARE-Kongress-2017.jpg?fit=500%2C250&ssl=1",500,250,true],"2048x2048":["https:\/\/i0.wp.com\/kulturmanagement-online.de\/daniel\/files\/2017\/09\/Logo-REHACARE-Kongress-2017.jpg?fit=500%2C250&ssl=1",500,250,true]},"uagb_author_info":{"display_name":"D.","author_link":"https:\/\/kulturmanagement-online.de\/daniel\/author\/daniel\/"},"uagb_comment_info":0,"uagb_excerpt":"Am 6. Oktober 2017 im Messe- und Kongresszentrum D\u00fcsseldorf habe ich die M\u00f6glichkeit das Projekt unser-quartier.de im Rahmen von Thementischen mit Fachpublikum, insbesondere unter Aspekten der Nachhaltigkeit, zu diskutieren. Im ... Read more","jetpack_shortlink":"https:\/\/wp.me\/p8KGV1-49","jetpack-related-posts":[{"id":222,"url":"https:\/\/kulturmanagement-online.de\/daniel\/2017\/02\/08\/workshop-auf-dem-fachtag-vernetz-oder-abgehaengt\/","url_meta":{"origin":257,"position":0},"title":"Workshop auf dem Fachtag &#8222;Vernetz oder abgeh\u00e4ngt?!&#8220;","author":"D.","date":"8. Februar 2017","format":false,"excerpt":"Am 30. Januar 2017 in Stuttgart hatte ich die M\u00f6glichkeit das Konzept unser-quartier.de auf dem Fachtag Vernetzt oder abgeh\u00e4ngt?! Zusammenleben und Teilhabe \u00e4lterer Menschen im digitalen Zeitalter zu pr\u00e4sentieren und mit dem Publikum zu diskutieren. Die Pr\u00e4sentation ist online verf\u00fcgbar: Digitale Lebenswelten in Quartier und Nachbarschaft Website zum Fachtag Foto:\u2026","rel":"","context":"In &quot;Referate, Workshops und Gremien&quot;","block_context":{"text":"Referate, Workshops und Gremien","link":"https:\/\/kulturmanagement-online.de\/daniel\/category\/referate-und-workshops\/"},"img":{"alt_text":"","src":"https:\/\/i0.wp.com\/kulturmanagement-online.de\/daniel\/files\/2017\/05\/Fachtag-Baden-W%C3%BCrtemmberg-01-2017.jpg?fit=810%2C540&ssl=1&resize=350%2C200","width":350,"height":200,"srcset":"https:\/\/i0.wp.com\/kulturmanagement-online.de\/daniel\/files\/2017\/05\/Fachtag-Baden-W%C3%BCrtemmberg-01-2017.jpg?fit=810%2C540&ssl=1&resize=350%2C200 1x, https:\/\/i0.wp.com\/kulturmanagement-online.de\/daniel\/files\/2017\/05\/Fachtag-Baden-W%C3%BCrtemmberg-01-2017.jpg?fit=810%2C540&ssl=1&resize=525%2C300 1.5x, https:\/\/i0.wp.com\/kulturmanagement-online.de\/daniel\/files\/2017\/05\/Fachtag-Baden-W%C3%BCrtemmberg-01-2017.jpg?fit=810%2C540&ssl=1&resize=700%2C400 2x"},"classes":[]},{"id":263,"url":"https:\/\/kulturmanagement-online.de\/daniel\/2018\/01\/22\/die-digitalisierungswelle-erfasst-auch-die-seniorenarbeit-mit-stellenausschreibung\/","url_meta":{"origin":257,"position":1},"title":"Die Digitalisierungswelle erfasst auch die Seniorenarbeit (mit Stellenausschreibung)","author":"D.","date":"22. Januar 2018","format":false,"excerpt":"Ende letzten Jahres nahm ich an einigen Arbeitsgruppe und Beir\u00e4ten teil, die deutlich machen, dass die Digitalisierungswelle nun auch auf die Seniorenarbeit zukommt. Das Themenspektrum ist breit und reicht von der Neuausrichtung von Bildungsszenarien f\u00fcr die Zielgruppe \u00e4lterer Menschen bis hin zu konkreteren Themen, wie Nachbarschaftsarbeit f\u00fcr \u00c4ltere auch durch\u2026","rel":"","context":"In &quot;Digitales&quot;","block_context":{"text":"Digitales","link":"https:\/\/kulturmanagement-online.de\/daniel\/category\/digitales\/"},"img":{"alt_text":"Zahnr\u00e4der im Netzwerk","src":"https:\/\/i0.wp.com\/kulturmanagement-online.de\/daniel\/files\/2018\/01\/business-2082639.jpg?fit=1200%2C675&ssl=1&resize=350%2C200","width":350,"height":200,"srcset":"https:\/\/i0.wp.com\/kulturmanagement-online.de\/daniel\/files\/2018\/01\/business-2082639.jpg?fit=1200%2C675&ssl=1&resize=350%2C200 1x, https:\/\/i0.wp.com\/kulturmanagement-online.de\/daniel\/files\/2018\/01\/business-2082639.jpg?fit=1200%2C675&ssl=1&resize=525%2C300 1.5x, https:\/\/i0.wp.com\/kulturmanagement-online.de\/daniel\/files\/2018\/01\/business-2082639.jpg?fit=1200%2C675&ssl=1&resize=700%2C400 2x, https:\/\/i0.wp.com\/kulturmanagement-online.de\/daniel\/files\/2018\/01\/business-2082639.jpg?fit=1200%2C675&ssl=1&resize=1050%2C600 3x"},"classes":[]},{"id":260,"url":"https:\/\/kulturmanagement-online.de\/daniel\/2017\/11\/01\/runde-zahlen-bei-der-socialnet-gmbh\/","url_meta":{"origin":257,"position":2},"title":"Runde Zahlen bei der socialnet GmbH","author":"D.","date":"1. November 2017","format":false,"excerpt":"Als Mitgesellschafter der socialnet GmbH berichte ich gerne \u00fcber den aktuellen Entwicklungsstand einzelner Bereiche. Vor kurzem wurde eine Pressemitteilung zum Stand des Informationsportals ver\u00f6ffentlicht: socialnet bietet seit 1999 kostenlosen Zugang zu Fachinformationen f\u00fcr das Sozial- und Gesundheitswesen. Das Hauptportal www.socialnet.de bietet Fachbuchbesprechungen von \u201eAltenpflege\u201c bis \u201eSozialmanagement\u201c, Materialien von der Arbeitshilfe\u2026","rel":"","context":"In &quot;Partner&quot;","block_context":{"text":"Partner","link":"https:\/\/kulturmanagement-online.de\/daniel\/category\/partner\/"},"img":{"alt_text":"Screenshot socialnet website","src":"https:\/\/i0.wp.com\/kulturmanagement-online.de\/daniel\/files\/2017\/11\/Screenshot-socialnet.png?fit=1200%2C633&ssl=1&resize=350%2C200","width":350,"height":200,"srcset":"https:\/\/i0.wp.com\/kulturmanagement-online.de\/daniel\/files\/2017\/11\/Screenshot-socialnet.png?fit=1200%2C633&ssl=1&resize=350%2C200 1x, https:\/\/i0.wp.com\/kulturmanagement-online.de\/daniel\/files\/2017\/11\/Screenshot-socialnet.png?fit=1200%2C633&ssl=1&resize=525%2C300 1.5x, https:\/\/i0.wp.com\/kulturmanagement-online.de\/daniel\/files\/2017\/11\/Screenshot-socialnet.png?fit=1200%2C633&ssl=1&resize=700%2C400 2x, https:\/\/i0.wp.com\/kulturmanagement-online.de\/daniel\/files\/2017\/11\/Screenshot-socialnet.png?fit=1200%2C633&ssl=1&resize=1050%2C600 3x"},"classes":[]},{"id":289,"url":"https:\/\/kulturmanagement-online.de\/daniel\/2019\/07\/28\/mediathek-mit-digitalen-werkzeugen-und-tellerand-kompakt\/","url_meta":{"origin":257,"position":3},"title":"Mediathek mit digitalen Werkzeugen und Tellerand.kompakt","author":"D.","date":"28. Juli 2019","format":false,"excerpt":"Digitalisierung stellt viele Organisationen vor scheinbar unl\u00f6sbare Schwierigkeiten. Im Rahmen meiner T\u00e4tigkeit beim Kuratorium Deutsche Altershilfe im Rahmen des Projekts Forum Seniorenarbeit NRW - Digitale Ideen f\u00fcr Sozialraum und Nachbarschaft bauen wir zur Zeit\u00a0 eine Mediathek auf, in der wir erfolgversprechende Werkzeuge sammeln, die Referenzprojekte in sozialen Arbeitsfeldern bzw. der\u2026","rel":"","context":"In &quot;Digitales&quot;","block_context":{"text":"Digitales","link":"https:\/\/kulturmanagement-online.de\/daniel\/category\/digitales\/"},"img":{"alt_text":"Werkzeuge","src":"https:\/\/i0.wp.com\/kulturmanagement-online.de\/daniel\/files\/2019\/07\/tools-155856.png?fit=1200%2C798&ssl=1&resize=350%2C200","width":350,"height":200,"srcset":"https:\/\/i0.wp.com\/kulturmanagement-online.de\/daniel\/files\/2019\/07\/tools-155856.png?fit=1200%2C798&ssl=1&resize=350%2C200 1x, https:\/\/i0.wp.com\/kulturmanagement-online.de\/daniel\/files\/2019\/07\/tools-155856.png?fit=1200%2C798&ssl=1&resize=525%2C300 1.5x, https:\/\/i0.wp.com\/kulturmanagement-online.de\/daniel\/files\/2019\/07\/tools-155856.png?fit=1200%2C798&ssl=1&resize=700%2C400 2x, https:\/\/i0.wp.com\/kulturmanagement-online.de\/daniel\/files\/2019\/07\/tools-155856.png?fit=1200%2C798&ssl=1&resize=1050%2C600 3x"},"classes":[]},{"id":284,"url":"https:\/\/kulturmanagement-online.de\/daniel\/2019\/04\/09\/20-jahre-socialnet\/","url_meta":{"origin":257,"position":4},"title":"20 Jahre socialnet!","author":"D.","date":"9. April 2019","format":false,"excerpt":"Als Mitgesellschafter und langj\u00e4hriges Teammitglied von socialnet ber\u00fchrt mich dieses Jubil\u00e4um in ganz besonderer Weise. Christian Koch hat in seinem Editorial in diesem Monat einen R\u00fcckblick und Ausblick formuliert, der die vielen unbekannten Variablen aufzeigt und eine nicht ganz normale Firmengeschichte skizziert, die im sozialen Sektor ihresgleichen sucht. F\u00fcr mich\u2026","rel":"","context":"In &quot;Digitales&quot;","block_context":{"text":"Digitales","link":"https:\/\/kulturmanagement-online.de\/daniel\/category\/digitales\/"},"img":{"alt_text":"Screenshot der Startseite","src":"https:\/\/i0.wp.com\/kulturmanagement-online.de\/daniel\/files\/2019\/04\/2019-04-09-21_00_28-20-Jahre-socialnet-%E2%80%93-Die-Website-zum-Jubil%C3%A4um.png?fit=1200%2C633&ssl=1&resize=350%2C200","width":350,"height":200,"srcset":"https:\/\/i0.wp.com\/kulturmanagement-online.de\/daniel\/files\/2019\/04\/2019-04-09-21_00_28-20-Jahre-socialnet-%E2%80%93-Die-Website-zum-Jubil%C3%A4um.png?fit=1200%2C633&ssl=1&resize=350%2C200 1x, https:\/\/i0.wp.com\/kulturmanagement-online.de\/daniel\/files\/2019\/04\/2019-04-09-21_00_28-20-Jahre-socialnet-%E2%80%93-Die-Website-zum-Jubil%C3%A4um.png?fit=1200%2C633&ssl=1&resize=525%2C300 1.5x, https:\/\/i0.wp.com\/kulturmanagement-online.de\/daniel\/files\/2019\/04\/2019-04-09-21_00_28-20-Jahre-socialnet-%E2%80%93-Die-Website-zum-Jubil%C3%A4um.png?fit=1200%2C633&ssl=1&resize=700%2C400 2x, https:\/\/i0.wp.com\/kulturmanagement-online.de\/daniel\/files\/2019\/04\/2019-04-09-21_00_28-20-Jahre-socialnet-%E2%80%93-Die-Website-zum-Jubil%C3%A4um.png?fit=1200%2C633&ssl=1&resize=1050%2C600 3x"},"classes":[]},{"id":304,"url":"https:\/\/kulturmanagement-online.de\/daniel\/2021\/01\/16\/toolbox-2-0\/","url_meta":{"origin":257,"position":5},"title":"Toolbox 2.0","author":"D.","date":"16. Januar 2021","format":false,"excerpt":"In den letzten Wochen habe ich meine pers\u00f6nliche Toolbox angefangen online zu ver\u00f6ffentlichen. \u00dcber Weihnachten habe ich sie in eine Datenbankanwendung \u00fcberf\u00fchrt und erweitert. In der Zusammenarbeit mit NPOs merke ich immer wieder, dass es an pers\u00f6nlichen Technik-Kompetenzen, finanziellen Mitteln und Zeit fehlt, aufwendige Online-Projekte zu realisieren. Vielleicht ist meine\u2026","rel":"","context":"In &quot;Digitales&quot;","block_context":{"text":"Digitales","link":"https:\/\/kulturmanagement-online.de\/daniel\/category\/digitales\/"},"img":{"alt_text":"Illustration KM Toolbox","src":"https:\/\/i0.wp.com\/kulturmanagement-online.de\/daniel\/files\/2021\/01\/Beitragsillustration-Toolbox-2021.png?fit=1200%2C630&ssl=1&resize=350%2C200","width":350,"height":200,"srcset":"https:\/\/i0.wp.com\/kulturmanagement-online.de\/daniel\/files\/2021\/01\/Beitragsillustration-Toolbox-2021.png?fit=1200%2C630&ssl=1&resize=350%2C200 1x, https:\/\/i0.wp.com\/kulturmanagement-online.de\/daniel\/files\/2021\/01\/Beitragsillustration-Toolbox-2021.png?fit=1200%2C630&ssl=1&resize=525%2C300 1.5x, https:\/\/i0.wp.com\/kulturmanagement-online.de\/daniel\/files\/2021\/01\/Beitragsillustration-Toolbox-2021.png?fit=1200%2C630&ssl=1&resize=700%2C400 2x, https:\/\/i0.wp.com\/kulturmanagement-online.de\/daniel\/files\/2021\/01\/Beitragsillustration-Toolbox-2021.png?fit=1200%2C630&ssl=1&resize=1050%2C600 3x"},"classes":[]}],"jetpack_sharing_enabled":true,"_links":{"self":[{"href":"https:\/\/kulturmanagement-online.de\/daniel\/wp-json\/wp\/v2\/posts\/257","targetHints":{"allow":["GET"]}}],"collection":[{"href":"https:\/\/kulturmanagement-online.de\/daniel\/wp-json\/wp\/v2\/posts"}],"about":[{"href":"https:\/\/kulturmanagement-online.de\/daniel\/wp-json\/wp\/v2\/types\/post"}],"author":[{"embeddable":true,"href":"https:\/\/kulturmanagement-online.de\/daniel\/wp-json\/wp\/v2\/users\/2"}],"replies":[{"embeddable":true,"href":"https:\/\/kulturmanagement-online.de\/daniel\/wp-json\/wp\/v2\/comments?post=257"}],"version-history":[{"count":0,"href":"https:\/\/kulturmanagement-online.de\/daniel\/wp-json\/wp\/v2\/posts\/257\/revisions"}],"wp:featuredmedia":[{"embeddable":true,"href":"https:\/\/kulturmanagement-online.de\/daniel\/wp-json\/wp\/v2\/media\/258"}],"wp:attachment":[{"href":"https:\/\/kulturmanagement-online.de\/daniel\/wp-json\/wp\/v2\/media?parent=257"}],"wp:term":[{"taxonomy":"category","embeddable":true,"href":"https:\/\/kulturmanagement-online.de\/daniel\/wp-json\/wp\/v2\/categories?post=257"},{"taxonomy":"post_tag","embeddable":true,"href":"https:\/\/kulturmanagement-online.de\/daniel\/wp-json\/wp\/v2\/tags?post=257"}],"curies":[{"name":"wp","href":"https:\/\/api.w.org\/{rel}","templated":true}]}}