{"id":260,"date":"2017-11-01T16:30:20","date_gmt":"2017-11-01T15:30:20","guid":{"rendered":"https:\/\/kulturmanagement-online.de\/daniel\/?p=260"},"modified":"2017-11-01T16:30:20","modified_gmt":"2017-11-01T15:30:20","slug":"runde-zahlen-bei-der-socialnet-gmbh","status":"publish","type":"post","link":"https:\/\/kulturmanagement-online.de\/daniel\/2017\/11\/01\/runde-zahlen-bei-der-socialnet-gmbh\/","title":{"rendered":"Runde Zahlen bei der socialnet GmbH"},"content":{"rendered":"<p>Als Mitgesellschafter der socialnet GmbH berichte ich gerne \u00fcber den aktuellen Entwicklungsstand einzelner Bereiche. Vor kurzem wurde eine Pressemitteilung zum Stand des Informationsportals ver\u00f6ffentlicht:<!--more--><\/p>\n<p>socialnet bietet seit 1999 kostenlosen Zugang zu Fachinformationen f\u00fcr das Sozial- und Gesundheitswesen. Das Hauptportal www.socialnet.de bietet Fachbuchbesprechungen von \u201eAltenpflege\u201c bis \u201eSozialmanagement\u201c, Materialien von der Arbeitshilfe bis zur Dissertation, ein Branchenbuch und einen Stellenmarkt.<\/p>\n<p>Im laufenden Monat wurden nun ein paar \u201arunde\u2019 Zahlen geknackt.<\/p>\n<ul>\n<li>Beim Rezensionsdienst werden fast t\u00e4glich neue Rezensionen aus den Bereichen Soziale Arbeit, Pflege und Sozialwirtschaft ver\u00f6ffentlicht. Experten aus Hochschule und Praxis verhelfen zu einem \u00dcberblick \u00fcber die fachliche Entwicklung. Der Rezensionsdienst hat jetzt \u00fcber 17.000 Besprechungen in seinem Fundus.<\/li>\n<li>Der socialnet Newsletter, der monatlich an Interessierte der Sozialwirtschaft versendet wird, wurde erstmals an \u00fcber 13.000 Abonnentinnen verschickt.<\/li>\n<li>Schlie\u00dflich verwaltet socialnet insgesamt genau 1.000 Domains, die allesamt mit Themen und Bereichen der Sozialwirtschaft zu tun haben.<\/li>\n<\/ul>\n<p>Christian Koch, Gesch\u00e4ftsf\u00fchrer bei socialnet, ist mit der Entwicklung mehr als zufrieden: \u201eViele Internet-Startups treten mit gro\u00dfen Marketingversprechen auf und sind nach wenigen Jahren verschwunden. socialnet setzt seit 18 Jahren erfolgreich auf langfristiges moderates Wachstum und ist auch in zehn, zwanzig Jahren noch ein zuverl\u00e4ssiger Partner f\u00fcr soziale Fachinformation.\u201c<\/p>\n<p><a href=\"http:\/\/www.socialnet.de\" data-wpel-link=\"external\" target=\"_self\" rel=\"external noopener noreferrer\" title=\"Externer Link zu: \" class=\"wpel-icon-right\">zur socialnet-Website<i class=\"wpel-icon fa fa-external-link-square\" aria-hidden=\"true\"><\/i><\/a><\/p>\n","protected":false},"excerpt":{"rendered":"<p>Als Mitgesellschafter der socialnet GmbH berichte ich gerne \u00fcber den aktuellen Entwicklungsstand einzelner Bereiche. Vor kurzem wurde eine Pressemitteilung zum Stand des Informationsportals ver\u00f6ffentlicht:<\/p>\n","protected":false},"author":2,"featured_media":261,"comment_status":"closed","ping_status":"closed","sticky":false,"template":"","format":"standard","meta":{"inline_featured_image":false,"_uag_custom_page_level_css":"","jetpack_post_was_ever_published":false,"_jetpack_newsletter_access":"","_jetpack_dont_email_post_to_subs":false,"_jetpack_newsletter_tier_id":0,"_jetpack_memberships_contains_paywalled_content":false,"_jetpack_memberships_contains_paid_content":false,"footnotes":""},"categories":[3],"tags":[6],"class_list":["post-260","post","type-post","status-publish","format-standard","has-post-thumbnail","hentry","category-partner","tag-socialnet"],"jetpack_featured_media_url":"https:\/\/i0.wp.com\/kulturmanagement-online.de\/daniel\/files\/2017\/11\/Screenshot-socialnet.png?fit=1508%2C796&ssl=1","uagb_featured_image_src":{"full":["https:\/\/i0.wp.com\/kulturmanagement-online.de\/daniel\/files\/2017\/11\/Screenshot-socialnet.png?fit=1508%2C796&ssl=1",1508,796,false],"thumbnail":["https:\/\/i0.wp.com\/kulturmanagement-online.de\/daniel\/files\/2017\/11\/Screenshot-socialnet.png?resize=150%2C150&ssl=1",150,150,true],"medium":["https:\/\/i0.wp.com\/kulturmanagement-online.de\/daniel\/files\/2017\/11\/Screenshot-socialnet.png?fit=300%2C158&ssl=1",300,158,true],"medium_large":["https:\/\/i0.wp.com\/kulturmanagement-online.de\/daniel\/files\/2017\/11\/Screenshot-socialnet.png?fit=768%2C405&ssl=1",768,405,true],"large":["https:\/\/i0.wp.com\/kulturmanagement-online.de\/daniel\/files\/2017\/11\/Screenshot-socialnet.png?fit=1024%2C541&ssl=1",1024,541,true],"1536x1536":["https:\/\/i0.wp.com\/kulturmanagement-online.de\/daniel\/files\/2017\/11\/Screenshot-socialnet.png?fit=1508%2C796&ssl=1",1508,796,true],"2048x2048":["https:\/\/i0.wp.com\/kulturmanagement-online.de\/daniel\/files\/2017\/11\/Screenshot-socialnet.png?fit=1508%2C796&ssl=1",1508,796,true]},"uagb_author_info":{"display_name":"D.","author_link":"https:\/\/kulturmanagement-online.de\/daniel\/author\/daniel\/"},"uagb_comment_info":0,"uagb_excerpt":"Als Mitgesellschafter der socialnet GmbH berichte ich gerne \u00fcber den aktuellen Entwicklungsstand einzelner Bereiche. Vor kurzem wurde eine Pressemitteilung zum Stand des Informationsportals ver\u00f6ffentlicht:","jetpack_shortlink":"https:\/\/wp.me\/p8KGV1-4c","jetpack-related-posts":[{"id":284,"url":"https:\/\/kulturmanagement-online.de\/daniel\/2019\/04\/09\/20-jahre-socialnet\/","url_meta":{"origin":260,"position":0},"title":"20 Jahre socialnet!","author":"D.","date":"9. April 2019","format":false,"excerpt":"Als Mitgesellschafter und langj\u00e4hriges Teammitglied von socialnet ber\u00fchrt mich dieses Jubil\u00e4um in ganz besonderer Weise. Christian Koch hat in seinem Editorial in diesem Monat einen R\u00fcckblick und Ausblick formuliert, der die vielen unbekannten Variablen aufzeigt und eine nicht ganz normale Firmengeschichte skizziert, die im sozialen Sektor ihresgleichen sucht. F\u00fcr mich\u2026","rel":"","context":"In &quot;Digitales&quot;","block_context":{"text":"Digitales","link":"https:\/\/kulturmanagement-online.de\/daniel\/category\/digitales\/"},"img":{"alt_text":"Screenshot der Startseite","src":"https:\/\/i0.wp.com\/kulturmanagement-online.de\/daniel\/files\/2019\/04\/2019-04-09-21_00_28-20-Jahre-socialnet-%E2%80%93-Die-Website-zum-Jubil%C3%A4um.png?fit=1200%2C633&ssl=1&resize=350%2C200","width":350,"height":200,"srcset":"https:\/\/i0.wp.com\/kulturmanagement-online.de\/daniel\/files\/2019\/04\/2019-04-09-21_00_28-20-Jahre-socialnet-%E2%80%93-Die-Website-zum-Jubil%C3%A4um.png?fit=1200%2C633&ssl=1&resize=350%2C200 1x, https:\/\/i0.wp.com\/kulturmanagement-online.de\/daniel\/files\/2019\/04\/2019-04-09-21_00_28-20-Jahre-socialnet-%E2%80%93-Die-Website-zum-Jubil%C3%A4um.png?fit=1200%2C633&ssl=1&resize=525%2C300 1.5x, https:\/\/i0.wp.com\/kulturmanagement-online.de\/daniel\/files\/2019\/04\/2019-04-09-21_00_28-20-Jahre-socialnet-%E2%80%93-Die-Website-zum-Jubil%C3%A4um.png?fit=1200%2C633&ssl=1&resize=700%2C400 2x, https:\/\/i0.wp.com\/kulturmanagement-online.de\/daniel\/files\/2019\/04\/2019-04-09-21_00_28-20-Jahre-socialnet-%E2%80%93-Die-Website-zum-Jubil%C3%A4um.png?fit=1200%2C633&ssl=1&resize=1050%2C600 3x"},"classes":[]},{"id":201,"url":"https:\/\/kulturmanagement-online.de\/daniel\/2017\/05\/31\/social-software-de-relaunch\/","url_meta":{"origin":260,"position":1},"title":"social-software.de &#8211; Relaunch","author":"D.","date":"31. Mai 2017","format":false,"excerpt":"Im Jahre 2005 gr\u00fcndete ich das Portal social-software.de. Anders als der Name erwarten l\u00e4sst, ging es um eine Markt\u00fcbersicht f\u00fcr Software-Anwendungen im Sozial- und Gesundheitswesen. 2013 \u00fcbergab ich das Portal an Uwe Huchler. Am heutigen Tag wurde ein Relaunch ver\u00f6ffentlicht und die Technik an zeitgem\u00e4\u00dfe Standards angepa\u00dft. Viel Erfolg weiterhin.\u2026","rel":"","context":"In &quot;Partner&quot;","block_context":{"text":"Partner","link":"https:\/\/kulturmanagement-online.de\/daniel\/category\/partner\/"},"img":{"alt_text":"Screenshot social-software.de","src":"https:\/\/i0.wp.com\/kulturmanagement-online.de\/daniel\/files\/2017\/05\/2017-05-31-21_33_06-Startseite-_-social-software.de_.png?fit=1174%2C550&ssl=1&resize=350%2C200","width":350,"height":200,"srcset":"https:\/\/i0.wp.com\/kulturmanagement-online.de\/daniel\/files\/2017\/05\/2017-05-31-21_33_06-Startseite-_-social-software.de_.png?fit=1174%2C550&ssl=1&resize=350%2C200 1x, https:\/\/i0.wp.com\/kulturmanagement-online.de\/daniel\/files\/2017\/05\/2017-05-31-21_33_06-Startseite-_-social-software.de_.png?fit=1174%2C550&ssl=1&resize=525%2C300 1.5x, https:\/\/i0.wp.com\/kulturmanagement-online.de\/daniel\/files\/2017\/05\/2017-05-31-21_33_06-Startseite-_-social-software.de_.png?fit=1174%2C550&ssl=1&resize=700%2C400 2x, https:\/\/i0.wp.com\/kulturmanagement-online.de\/daniel\/files\/2017\/05\/2017-05-31-21_33_06-Startseite-_-social-software.de_.png?fit=1174%2C550&ssl=1&resize=1050%2C600 3x"},"classes":[]},{"id":242,"url":"https:\/\/kulturmanagement-online.de\/daniel\/2017\/06\/12\/fachgespraech-sozialraum-digital\/","url_meta":{"origin":260,"position":2},"title":"Fachgespr\u00e4ch Sozialraum Digital","author":"D.","date":"12. Juni 2017","format":false,"excerpt":"Im Rahmen des Digitalgipfels der Bundesregierung war ich f\u00fcr das KDA heute zum Fachgespr\u00e4ch \u201eSozialraum Digital \u2013 \u00c4ltere Menschen als Co-Entwickler neuer Technik\" in Ludwigshafen eingeladen. In den R\u00e4umen des Ernst Bloch Zentrums f\u00fchrten zun\u00e4chst Prof. Dr. Claudia M\u00fcller von der Universit\u00e4t Siegen und anschlie\u00dfend Prof. Dr. Sabine Sachweh von\u2026","rel":"","context":"In &quot;Referate, Workshops und Gremien&quot;","block_context":{"text":"Referate, Workshops und Gremien","link":"https:\/\/kulturmanagement-online.de\/daniel\/category\/referate-und-workshops\/"},"img":{"alt_text":"Ernst Bloch Zentrum","src":"https:\/\/i0.wp.com\/kulturmanagement-online.de\/daniel\/files\/2017\/06\/photo_2017-06-12_22-02-57.jpg?fit=1200%2C675&ssl=1&resize=350%2C200","width":350,"height":200,"srcset":"https:\/\/i0.wp.com\/kulturmanagement-online.de\/daniel\/files\/2017\/06\/photo_2017-06-12_22-02-57.jpg?fit=1200%2C675&ssl=1&resize=350%2C200 1x, https:\/\/i0.wp.com\/kulturmanagement-online.de\/daniel\/files\/2017\/06\/photo_2017-06-12_22-02-57.jpg?fit=1200%2C675&ssl=1&resize=525%2C300 1.5x, https:\/\/i0.wp.com\/kulturmanagement-online.de\/daniel\/files\/2017\/06\/photo_2017-06-12_22-02-57.jpg?fit=1200%2C675&ssl=1&resize=700%2C400 2x, https:\/\/i0.wp.com\/kulturmanagement-online.de\/daniel\/files\/2017\/06\/photo_2017-06-12_22-02-57.jpg?fit=1200%2C675&ssl=1&resize=1050%2C600 3x"},"classes":[]},{"id":228,"url":"https:\/\/kulturmanagement-online.de\/daniel\/2017\/03\/29\/ak-demografiebeauftragte-des-kreises-recklinghausen\/","url_meta":{"origin":260,"position":3},"title":"AK Demografiebeauftragte des Kreises Recklinghausen","author":"D.","date":"29. M\u00e4rz 2017","format":false,"excerpt":"Heute war ein besonderer Tag. Auf Einladung des Arbeitskreises der Demografiebauftragten des Kreises Recklinghausen hatte ich die M\u00f6glichkeit \u00fcber Quartiersportale und Handlungsm\u00f6glichkeiten der Kommunen zu diskutieren. Als zweite Referentin war Prof. Dr. Sachweh von TU Dortmund geladen und pr\u00e4sentierte das Quartiersnetz Gelsenkirchen.","rel":"","context":"In &quot;Referate, Workshops und Gremien&quot;","block_context":{"text":"Referate, Workshops und Gremien","link":"https:\/\/kulturmanagement-online.de\/daniel\/category\/referate-und-workshops\/"},"img":{"alt_text":"Screenshot der Plattform","src":"https:\/\/i0.wp.com\/kulturmanagement-online.de\/daniel\/files\/2017\/03\/2017-06-03-11_38_46-Store.png?fit=918%2C519&ssl=1&resize=350%2C200","width":350,"height":200,"srcset":"https:\/\/i0.wp.com\/kulturmanagement-online.de\/daniel\/files\/2017\/03\/2017-06-03-11_38_46-Store.png?fit=918%2C519&ssl=1&resize=350%2C200 1x, https:\/\/i0.wp.com\/kulturmanagement-online.de\/daniel\/files\/2017\/03\/2017-06-03-11_38_46-Store.png?fit=918%2C519&ssl=1&resize=525%2C300 1.5x, https:\/\/i0.wp.com\/kulturmanagement-online.de\/daniel\/files\/2017\/03\/2017-06-03-11_38_46-Store.png?fit=918%2C519&ssl=1&resize=700%2C400 2x"},"classes":[]},{"id":257,"url":"https:\/\/kulturmanagement-online.de\/daniel\/2017\/09\/22\/rehacare-kongress-2017-wir-fuers-quartier\/","url_meta":{"origin":260,"position":4},"title":"REHACARE-Kongress 2017 &#8222;Wir f\u00fcrs Quartier&#8220;","author":"D.","date":"22. September 2017","format":false,"excerpt":"Am 6. Oktober 2017 im Messe- und Kongresszentrum D\u00fcsseldorf habe ich die M\u00f6glichkeit das Projekt unser-quartier.de im Rahmen von Thementischen mit Fachpublikum, insbesondere unter Aspekten der Nachhaltigkeit, zu diskutieren. Im angegliederten Quartiersmarkt wird das Forum Seniorenarbeit mit einem Infostand vertreten sein. Tisch 5: Technische Modelle f\u00fcrs Quartier Virtuelle Quartiersportale -\u2026","rel":"","context":"In &quot;Referate, Workshops und Gremien&quot;","block_context":{"text":"Referate, Workshops und Gremien","link":"https:\/\/kulturmanagement-online.de\/daniel\/category\/referate-und-workshops\/"},"img":{"alt_text":"Logo des REHACARE Kongress 2017","src":"https:\/\/i0.wp.com\/kulturmanagement-online.de\/daniel\/files\/2017\/09\/Logo-REHACARE-Kongress-2017.jpg?fit=500%2C250&ssl=1&resize=350%2C200","width":350,"height":200},"classes":[]},{"id":298,"url":"https:\/\/kulturmanagement-online.de\/daniel\/2020\/10\/05\/meine-toolbox-eure-meinung\/","url_meta":{"origin":260,"position":5},"title":"Meine Toolbox &#8211; Eure Meinung","author":"D.","date":"5. Oktober 2020","format":false,"excerpt":"In Corona-Zeiten findet man Sie \u00fcberall. Werkzeugkisten mit horrenden Versprechungen, versteckten Afiiliate-Links oder kopierte Listen von anderen. Ich bin in dieser Zeit auch in mich gegangen und habe \u00fcberlegt, was k\u00f6nnten sinnvolle Werkzeuge f\u00fcr meine Kunden und Interessierte aus sozialen, lehrenden und kulturellen Arbeitsfeldern sein. Insbesondere kleine Vereine und Organisationen\u2026","rel":"","context":"In &quot;Digitales&quot;","block_context":{"text":"Digitales","link":"https:\/\/kulturmanagement-online.de\/daniel\/category\/digitales\/"},"img":{"alt_text":"Meine Toolbox - Eure Meinung","src":"https:\/\/i0.wp.com\/kulturmanagement-online.de\/daniel\/files\/2020\/10\/tux-161507.png?fit=1200%2C1191&ssl=1&resize=350%2C200","width":350,"height":200,"srcset":"https:\/\/i0.wp.com\/kulturmanagement-online.de\/daniel\/files\/2020\/10\/tux-161507.png?fit=1200%2C1191&ssl=1&resize=350%2C200 1x, https:\/\/i0.wp.com\/kulturmanagement-online.de\/daniel\/files\/2020\/10\/tux-161507.png?fit=1200%2C1191&ssl=1&resize=525%2C300 1.5x, https:\/\/i0.wp.com\/kulturmanagement-online.de\/daniel\/files\/2020\/10\/tux-161507.png?fit=1200%2C1191&ssl=1&resize=700%2C400 2x, https:\/\/i0.wp.com\/kulturmanagement-online.de\/daniel\/files\/2020\/10\/tux-161507.png?fit=1200%2C1191&ssl=1&resize=1050%2C600 3x"},"classes":[]}],"jetpack_sharing_enabled":true,"_links":{"self":[{"href":"https:\/\/kulturmanagement-online.de\/daniel\/wp-json\/wp\/v2\/posts\/260","targetHints":{"allow":["GET"]}}],"collection":[{"href":"https:\/\/kulturmanagement-online.de\/daniel\/wp-json\/wp\/v2\/posts"}],"about":[{"href":"https:\/\/kulturmanagement-online.de\/daniel\/wp-json\/wp\/v2\/types\/post"}],"author":[{"embeddable":true,"href":"https:\/\/kulturmanagement-online.de\/daniel\/wp-json\/wp\/v2\/users\/2"}],"replies":[{"embeddable":true,"href":"https:\/\/kulturmanagement-online.de\/daniel\/wp-json\/wp\/v2\/comments?post=260"}],"version-history":[{"count":0,"href":"https:\/\/kulturmanagement-online.de\/daniel\/wp-json\/wp\/v2\/posts\/260\/revisions"}],"wp:featuredmedia":[{"embeddable":true,"href":"https:\/\/kulturmanagement-online.de\/daniel\/wp-json\/wp\/v2\/media\/261"}],"wp:attachment":[{"href":"https:\/\/kulturmanagement-online.de\/daniel\/wp-json\/wp\/v2\/media?parent=260"}],"wp:term":[{"taxonomy":"category","embeddable":true,"href":"https:\/\/kulturmanagement-online.de\/daniel\/wp-json\/wp\/v2\/categories?post=260"},{"taxonomy":"post_tag","embeddable":true,"href":"https:\/\/kulturmanagement-online.de\/daniel\/wp-json\/wp\/v2\/tags?post=260"}],"curies":[{"name":"wp","href":"https:\/\/api.w.org\/{rel}","templated":true}]}}