{"id":268,"date":"2018-03-30T21:02:55","date_gmt":"2018-03-30T19:02:55","guid":{"rendered":"https:\/\/kulturmanagement-online.de\/daniel\/?p=268"},"modified":"2018-03-30T21:02:55","modified_gmt":"2018-03-30T19:02:55","slug":"rundbrief-stadtteilarbeit-1-2017","status":"publish","type":"post","link":"https:\/\/kulturmanagement-online.de\/daniel\/2018\/03\/30\/rundbrief-stadtteilarbeit-1-2017\/","title":{"rendered":"Rundbrief Stadtteilarbeit 1-2017"},"content":{"rendered":"<p>Im Rundbrief Stadtteilarbeit des Verbands f\u00fcr sozial-kulturelle Arbeit e.V. erschien ein langer Projektbericht \u00fcber meine Arbeit im Rahmen des Projekts unser-quartier.de: <strong>Offene Plattformen als Instrument der Quartiersentwicklung und Engagementfeld f\u00fcr \u00e4ltere Menschen<\/strong><!--more--><\/p>\n<div><\/div>\n<p>Der Rundbrief kann direkt von der Website des Verbands heruntergeladen werden:<\/p>\n<p><a href=\"http:\/\/vska.de\/\" data-wpel-link=\"external\" target=\"_self\" rel=\"external noopener noreferrer\" title=\"Externer Link zu: \" class=\"wpel-icon-right\">Website des Verband f\u00fcr sozial-kulturelle Arbeit e.V.<i class=\"wpel-icon fa fa-external-link-square\" aria-hidden=\"true\"><\/i><\/a><\/p>\n<p><a href=\"http:\/\/vska.de\/wp-content\/uploads\/2018\/01\/rundbrief_1-2017_web.pdf\" class=\"mtli_attachment mtli_pdf wpel-icon-right\" data-wpel-link=\"external\" target=\"_self\" rel=\"external noopener noreferrer\" title=\"Externer Link zu: \">Direkter Download des Rundbriefs<i class=\"wpel-icon fa fa-external-link-square\" aria-hidden=\"true\"><\/i><\/a><\/p>\n","protected":false},"excerpt":{"rendered":"<p>Im Rundbrief Stadtteilarbeit des Verbands f\u00fcr sozial-kulturelle Arbeit e.V. erschien ein langer Projektbericht \u00fcber meine Arbeit im Rahmen des Projekts unser-quartier.de: Offene Plattformen als Instrument der Quartiersentwicklung und Engagementfeld f\u00fcr &#8230; <\/p>\n<p class=\"read-more-container\"><a title=\"Rundbrief Stadtteilarbeit 1-2017\" class=\"read-more button\" href=\"https:\/\/kulturmanagement-online.de\/daniel\/2018\/03\/30\/rundbrief-stadtteilarbeit-1-2017\/#more-268\" aria-label=\"Mehr Informationen \u00fcber Rundbrief Stadtteilarbeit 1-2017\" data-wpel-link=\"internal\">Read more<\/a><\/p>\n","protected":false},"author":2,"featured_media":269,"comment_status":"closed","ping_status":"closed","sticky":false,"template":"","format":"standard","meta":{"inline_featured_image":false,"_uag_custom_page_level_css":"","jetpack_post_was_ever_published":false,"_jetpack_newsletter_access":"","_jetpack_dont_email_post_to_subs":false,"_jetpack_newsletter_tier_id":0,"_jetpack_memberships_contains_paywalled_content":false,"_jetpack_memberships_contains_paid_content":false,"footnotes":""},"categories":[4],"tags":[27,9],"class_list":["post-268","post","type-post","status-publish","format-standard","has-post-thumbnail","hentry","category-veroeffentlichungen","tag-rundbrief-stadtteilarbeit","tag-unser-quartier-de"],"jetpack_featured_media_url":"https:\/\/i0.wp.com\/kulturmanagement-online.de\/daniel\/files\/2018\/03\/2018-03-30-20_55_45-rundbrief_1-2017_web.pdf.png?fit=1478%2C602&ssl=1","uagb_featured_image_src":{"full":["https:\/\/i0.wp.com\/kulturmanagement-online.de\/daniel\/files\/2018\/03\/2018-03-30-20_55_45-rundbrief_1-2017_web.pdf.png?fit=1478%2C602&ssl=1",1478,602,false],"thumbnail":["https:\/\/i0.wp.com\/kulturmanagement-online.de\/daniel\/files\/2018\/03\/2018-03-30-20_55_45-rundbrief_1-2017_web.pdf.png?resize=150%2C150&ssl=1",150,150,true],"medium":["https:\/\/i0.wp.com\/kulturmanagement-online.de\/daniel\/files\/2018\/03\/2018-03-30-20_55_45-rundbrief_1-2017_web.pdf.png?fit=300%2C122&ssl=1",300,122,true],"medium_large":["https:\/\/i0.wp.com\/kulturmanagement-online.de\/daniel\/files\/2018\/03\/2018-03-30-20_55_45-rundbrief_1-2017_web.pdf.png?fit=768%2C313&ssl=1",768,313,true],"large":["https:\/\/i0.wp.com\/kulturmanagement-online.de\/daniel\/files\/2018\/03\/2018-03-30-20_55_45-rundbrief_1-2017_web.pdf.png?fit=1024%2C417&ssl=1",1024,417,true],"1536x1536":["https:\/\/i0.wp.com\/kulturmanagement-online.de\/daniel\/files\/2018\/03\/2018-03-30-20_55_45-rundbrief_1-2017_web.pdf.png?fit=1478%2C602&ssl=1",1478,602,true],"2048x2048":["https:\/\/i0.wp.com\/kulturmanagement-online.de\/daniel\/files\/2018\/03\/2018-03-30-20_55_45-rundbrief_1-2017_web.pdf.png?fit=1478%2C602&ssl=1",1478,602,true]},"uagb_author_info":{"display_name":"D.","author_link":"https:\/\/kulturmanagement-online.de\/daniel\/author\/daniel\/"},"uagb_comment_info":0,"uagb_excerpt":"Im Rundbrief Stadtteilarbeit des Verbands f\u00fcr sozial-kulturelle Arbeit e.V. erschien ein langer Projektbericht \u00fcber meine Arbeit im Rahmen des Projekts unser-quartier.de: Offene Plattformen als Instrument der Quartiersentwicklung und Engagementfeld f\u00fcr ... Read more","jetpack_shortlink":"https:\/\/wp.me\/p8KGV1-4k","jetpack-related-posts":[{"id":251,"url":"https:\/\/kulturmanagement-online.de\/daniel\/2017\/08\/02\/rundbrief-stadtteilarbeit\/","url_meta":{"origin":268,"position":0},"title":"Rundbrief Stadtteilarbeit","author":"D.","date":"2. August 2017","format":false,"excerpt":"Leider kann ich der Einladung zur Vorstellung des Konzepts von unser-quartier.de auf der Jahrestagung Stadtteilarbeit: \u201eNetze nutzen! im sozialen und im digitalen Raum\u201c am 18. und 19. Oktober nach M\u00fcnchen nicht folgen, da wir in unserem Projekt zeitgleich die j\u00e4hrliche Herbstakademie unter dem Titel \"Selbstbestimmt freiwillig!?\" in Duisburg veranstalten. Als\u2026","rel":"","context":"In &quot;Ver\u00f6ffentlichungen&quot;","block_context":{"text":"Ver\u00f6ffentlichungen","link":"https:\/\/kulturmanagement-online.de\/daniel\/category\/veroeffentlichungen\/"},"img":{"alt_text":"Jahrestagung Verband f\u00fcr sozial-kulturelle Arbeit e.V.","src":"https:\/\/i0.wp.com\/kulturmanagement-online.de\/daniel\/files\/2017\/08\/Jahrestagung-Verband-f%C3%BCr-sozial-kulturelle-Arbeit-ev-700.jpg?fit=700%2C372&ssl=1&resize=350%2C200","width":350,"height":200,"srcset":"https:\/\/i0.wp.com\/kulturmanagement-online.de\/daniel\/files\/2017\/08\/Jahrestagung-Verband-f%C3%BCr-sozial-kulturelle-Arbeit-ev-700.jpg?fit=700%2C372&ssl=1&resize=350%2C200 1x, https:\/\/i0.wp.com\/kulturmanagement-online.de\/daniel\/files\/2017\/08\/Jahrestagung-Verband-f%C3%BCr-sozial-kulturelle-Arbeit-ev-700.jpg?fit=700%2C372&ssl=1&resize=525%2C300 1.5x, https:\/\/i0.wp.com\/kulturmanagement-online.de\/daniel\/files\/2017\/08\/Jahrestagung-Verband-f%C3%BCr-sozial-kulturelle-Arbeit-ev-700.jpg?fit=700%2C372&ssl=1&resize=700%2C400 2x"},"classes":[]},{"id":263,"url":"https:\/\/kulturmanagement-online.de\/daniel\/2018\/01\/22\/die-digitalisierungswelle-erfasst-auch-die-seniorenarbeit-mit-stellenausschreibung\/","url_meta":{"origin":268,"position":1},"title":"Die Digitalisierungswelle erfasst auch die Seniorenarbeit (mit Stellenausschreibung)","author":"D.","date":"22. Januar 2018","format":false,"excerpt":"Ende letzten Jahres nahm ich an einigen Arbeitsgruppe und Beir\u00e4ten teil, die deutlich machen, dass die Digitalisierungswelle nun auch auf die Seniorenarbeit zukommt. Das Themenspektrum ist breit und reicht von der Neuausrichtung von Bildungsszenarien f\u00fcr die Zielgruppe \u00e4lterer Menschen bis hin zu konkreteren Themen, wie Nachbarschaftsarbeit f\u00fcr \u00c4ltere auch durch\u2026","rel":"","context":"In &quot;Digitales&quot;","block_context":{"text":"Digitales","link":"https:\/\/kulturmanagement-online.de\/daniel\/category\/digitales\/"},"img":{"alt_text":"Zahnr\u00e4der im Netzwerk","src":"https:\/\/i0.wp.com\/kulturmanagement-online.de\/daniel\/files\/2018\/01\/business-2082639.jpg?fit=1200%2C675&ssl=1&resize=350%2C200","width":350,"height":200,"srcset":"https:\/\/i0.wp.com\/kulturmanagement-online.de\/daniel\/files\/2018\/01\/business-2082639.jpg?fit=1200%2C675&ssl=1&resize=350%2C200 1x, https:\/\/i0.wp.com\/kulturmanagement-online.de\/daniel\/files\/2018\/01\/business-2082639.jpg?fit=1200%2C675&ssl=1&resize=525%2C300 1.5x, https:\/\/i0.wp.com\/kulturmanagement-online.de\/daniel\/files\/2018\/01\/business-2082639.jpg?fit=1200%2C675&ssl=1&resize=700%2C400 2x, https:\/\/i0.wp.com\/kulturmanagement-online.de\/daniel\/files\/2018\/01\/business-2082639.jpg?fit=1200%2C675&ssl=1&resize=1050%2C600 3x"},"classes":[]},{"id":217,"url":"https:\/\/kulturmanagement-online.de\/daniel\/2017\/01\/15\/fachartikel-in-der-nun-reden-wir\/","url_meta":{"origin":268,"position":2},"title":"Fachartikel in der Nun Reden Wir","author":"D.","date":"15. Januar 2017","format":false,"excerpt":"In dieser Woche erschien in der Zeitschrift Nun Reden Wir (Ausgabe 98) der Landesseniorenvertretung NRW ein Fachbeitrag unter dem Titel \"Anteil haben an der digitalen Gesellschaft und sie mitgestalten - Aktuelle Trends in der Internetnutzung \u00e4lterer Menschen\". Nachzulesen auf der Website des LSV NRW Eine aktualisierte\/\u00fcberarbeitete Version im Web","rel":"","context":"In &quot;Ver\u00f6ffentlichungen&quot;","block_context":{"text":"Ver\u00f6ffentlichungen","link":"https:\/\/kulturmanagement-online.de\/daniel\/category\/veroeffentlichungen\/"},"img":{"alt_text":"Screen einer Ver\u00f6ffentlichung","src":"https:\/\/i0.wp.com\/kulturmanagement-online.de\/daniel\/files\/2017\/05\/2017-05-31-21_04_18-NRW_Ausgabe_98.pdf-Adobe-Acrobat-Pro.png?fit=674%2C510&ssl=1&resize=350%2C200","width":350,"height":200,"srcset":"https:\/\/i0.wp.com\/kulturmanagement-online.de\/daniel\/files\/2017\/05\/2017-05-31-21_04_18-NRW_Ausgabe_98.pdf-Adobe-Acrobat-Pro.png?fit=674%2C510&ssl=1&resize=350%2C200 1x, https:\/\/i0.wp.com\/kulturmanagement-online.de\/daniel\/files\/2017\/05\/2017-05-31-21_04_18-NRW_Ausgabe_98.pdf-Adobe-Acrobat-Pro.png?fit=674%2C510&ssl=1&resize=525%2C300 1.5x"},"classes":[]},{"id":257,"url":"https:\/\/kulturmanagement-online.de\/daniel\/2017\/09\/22\/rehacare-kongress-2017-wir-fuers-quartier\/","url_meta":{"origin":268,"position":3},"title":"REHACARE-Kongress 2017 &#8222;Wir f\u00fcrs Quartier&#8220;","author":"D.","date":"22. September 2017","format":false,"excerpt":"Am 6. Oktober 2017 im Messe- und Kongresszentrum D\u00fcsseldorf habe ich die M\u00f6glichkeit das Projekt unser-quartier.de im Rahmen von Thementischen mit Fachpublikum, insbesondere unter Aspekten der Nachhaltigkeit, zu diskutieren. Im angegliederten Quartiersmarkt wird das Forum Seniorenarbeit mit einem Infostand vertreten sein. Tisch 5: Technische Modelle f\u00fcrs Quartier Virtuelle Quartiersportale -\u2026","rel":"","context":"In &quot;Referate, Workshops und Gremien&quot;","block_context":{"text":"Referate, Workshops und Gremien","link":"https:\/\/kulturmanagement-online.de\/daniel\/category\/referate-und-workshops\/"},"img":{"alt_text":"Logo des REHACARE Kongress 2017","src":"https:\/\/i0.wp.com\/kulturmanagement-online.de\/daniel\/files\/2017\/09\/Logo-REHACARE-Kongress-2017.jpg?fit=500%2C250&ssl=1&resize=350%2C200","width":350,"height":200},"classes":[]},{"id":228,"url":"https:\/\/kulturmanagement-online.de\/daniel\/2017\/03\/29\/ak-demografiebeauftragte-des-kreises-recklinghausen\/","url_meta":{"origin":268,"position":4},"title":"AK Demografiebeauftragte des Kreises Recklinghausen","author":"D.","date":"29. M\u00e4rz 2017","format":false,"excerpt":"Heute war ein besonderer Tag. Auf Einladung des Arbeitskreises der Demografiebauftragten des Kreises Recklinghausen hatte ich die M\u00f6glichkeit \u00fcber Quartiersportale und Handlungsm\u00f6glichkeiten der Kommunen zu diskutieren. Als zweite Referentin war Prof. Dr. Sachweh von TU Dortmund geladen und pr\u00e4sentierte das Quartiersnetz Gelsenkirchen.","rel":"","context":"In &quot;Referate, Workshops und Gremien&quot;","block_context":{"text":"Referate, Workshops und Gremien","link":"https:\/\/kulturmanagement-online.de\/daniel\/category\/referate-und-workshops\/"},"img":{"alt_text":"Screenshot der Plattform","src":"https:\/\/i0.wp.com\/kulturmanagement-online.de\/daniel\/files\/2017\/03\/2017-06-03-11_38_46-Store.png?fit=918%2C519&ssl=1&resize=350%2C200","width":350,"height":200,"srcset":"https:\/\/i0.wp.com\/kulturmanagement-online.de\/daniel\/files\/2017\/03\/2017-06-03-11_38_46-Store.png?fit=918%2C519&ssl=1&resize=350%2C200 1x, https:\/\/i0.wp.com\/kulturmanagement-online.de\/daniel\/files\/2017\/03\/2017-06-03-11_38_46-Store.png?fit=918%2C519&ssl=1&resize=525%2C300 1.5x, https:\/\/i0.wp.com\/kulturmanagement-online.de\/daniel\/files\/2017\/03\/2017-06-03-11_38_46-Store.png?fit=918%2C519&ssl=1&resize=700%2C400 2x"},"classes":[]},{"id":222,"url":"https:\/\/kulturmanagement-online.de\/daniel\/2017\/02\/08\/workshop-auf-dem-fachtag-vernetz-oder-abgehaengt\/","url_meta":{"origin":268,"position":5},"title":"Workshop auf dem Fachtag &#8222;Vernetz oder abgeh\u00e4ngt?!&#8220;","author":"D.","date":"8. Februar 2017","format":false,"excerpt":"Am 30. Januar 2017 in Stuttgart hatte ich die M\u00f6glichkeit das Konzept unser-quartier.de auf dem Fachtag Vernetzt oder abgeh\u00e4ngt?! Zusammenleben und Teilhabe \u00e4lterer Menschen im digitalen Zeitalter zu pr\u00e4sentieren und mit dem Publikum zu diskutieren. Die Pr\u00e4sentation ist online verf\u00fcgbar: Digitale Lebenswelten in Quartier und Nachbarschaft Website zum Fachtag Foto:\u2026","rel":"","context":"In &quot;Referate, Workshops und Gremien&quot;","block_context":{"text":"Referate, Workshops und Gremien","link":"https:\/\/kulturmanagement-online.de\/daniel\/category\/referate-und-workshops\/"},"img":{"alt_text":"","src":"https:\/\/i0.wp.com\/kulturmanagement-online.de\/daniel\/files\/2017\/05\/Fachtag-Baden-W%C3%BCrtemmberg-01-2017.jpg?fit=810%2C540&ssl=1&resize=350%2C200","width":350,"height":200,"srcset":"https:\/\/i0.wp.com\/kulturmanagement-online.de\/daniel\/files\/2017\/05\/Fachtag-Baden-W%C3%BCrtemmberg-01-2017.jpg?fit=810%2C540&ssl=1&resize=350%2C200 1x, https:\/\/i0.wp.com\/kulturmanagement-online.de\/daniel\/files\/2017\/05\/Fachtag-Baden-W%C3%BCrtemmberg-01-2017.jpg?fit=810%2C540&ssl=1&resize=525%2C300 1.5x, https:\/\/i0.wp.com\/kulturmanagement-online.de\/daniel\/files\/2017\/05\/Fachtag-Baden-W%C3%BCrtemmberg-01-2017.jpg?fit=810%2C540&ssl=1&resize=700%2C400 2x"},"classes":[]}],"jetpack_sharing_enabled":true,"_links":{"self":[{"href":"https:\/\/kulturmanagement-online.de\/daniel\/wp-json\/wp\/v2\/posts\/268","targetHints":{"allow":["GET"]}}],"collection":[{"href":"https:\/\/kulturmanagement-online.de\/daniel\/wp-json\/wp\/v2\/posts"}],"about":[{"href":"https:\/\/kulturmanagement-online.de\/daniel\/wp-json\/wp\/v2\/types\/post"}],"author":[{"embeddable":true,"href":"https:\/\/kulturmanagement-online.de\/daniel\/wp-json\/wp\/v2\/users\/2"}],"replies":[{"embeddable":true,"href":"https:\/\/kulturmanagement-online.de\/daniel\/wp-json\/wp\/v2\/comments?post=268"}],"version-history":[{"count":0,"href":"https:\/\/kulturmanagement-online.de\/daniel\/wp-json\/wp\/v2\/posts\/268\/revisions"}],"wp:featuredmedia":[{"embeddable":true,"href":"https:\/\/kulturmanagement-online.de\/daniel\/wp-json\/wp\/v2\/media\/269"}],"wp:attachment":[{"href":"https:\/\/kulturmanagement-online.de\/daniel\/wp-json\/wp\/v2\/media?parent=268"}],"wp:term":[{"taxonomy":"category","embeddable":true,"href":"https:\/\/kulturmanagement-online.de\/daniel\/wp-json\/wp\/v2\/categories?post=268"},{"taxonomy":"post_tag","embeddable":true,"href":"https:\/\/kulturmanagement-online.de\/daniel\/wp-json\/wp\/v2\/tags?post=268"}],"curies":[{"name":"wp","href":"https:\/\/api.w.org\/{rel}","templated":true}]}}