{"id":284,"date":"2019-04-09T21:05:41","date_gmt":"2019-04-09T19:05:41","guid":{"rendered":"https:\/\/kulturmanagement-online.de\/daniel\/?p=284"},"modified":"2019-04-09T21:05:41","modified_gmt":"2019-04-09T19:05:41","slug":"20-jahre-socialnet","status":"publish","type":"post","link":"https:\/\/kulturmanagement-online.de\/daniel\/2019\/04\/09\/20-jahre-socialnet\/","title":{"rendered":"20 Jahre socialnet!"},"content":{"rendered":"<p>Als Mitgesellschafter und langj\u00e4hriges Teammitglied von socialnet ber\u00fchrt mich dieses Jubil\u00e4um in ganz besonderer Weise. Christian Koch hat in seinem Editorial in diesem Monat einen R\u00fcckblick und Ausblick formuliert, der die vielen unbekannten Variablen aufzeigt und eine nicht ganz normale Firmengeschichte skizziert, die im sozialen Sektor ihresgleichen sucht. <!--more--><\/p>\n<p>F\u00fcr mich bedeutet das Engagement immer wieder neue Kontakte und Ideen aus einer Perspektive, die mir als Angestelltem oft verwehrt bleibt. Diesen Tellerrand m\u00f6chte ich nicht missen.<\/p>\n<blockquote><p>Anfang April 1999 wurde socialnet gegr\u00fcndet. Seit 20 Jahren arbeiten wir schon als vollst\u00e4ndig virtuelle Organisation. Dabei haben wir rund dreitausend Personen zusammengebracht, um eine Portalfamilie mit einem gro\u00dfen Fundus an sozialen Fachinformationen aufzubauen. Wir legen gro\u00dfen Wert auf Zuverl\u00e4ssigkeit und Best\u00e4ndigkeit: Die erste Rezension aus dem Jahr 2000 ist immer noch unter der gleichen URL erreichbar! Andererseits sind wir offen f\u00fcr neue Ideen und Menschen, die bei uns mitmachen m\u00f6chten.<\/p>\n<p>Aus Anlass des Jubil\u00e4ums haben wir eine Website erstellt, auf der wir uns bei Ihnen f\u00fcr die treue Begleitung \u00fcber viele Jahre bedanken, aber auch Ihnen die M\u00f6glichkeit geben, <strong><a href=\"https:\/\/20-jahre-socialnet.de\/testimonials\/testimonial-einreichen\/\" data-wpel-link=\"external\" target=\"_self\" rel=\"external noopener noreferrer\" title=\"Externer Link zu: \" class=\"wpel-icon-right\">uns ein Testimonial zukommen zu lassen<i class=\"wpel-icon fa fa-external-link-square\" aria-hidden=\"true\"><\/i><\/a><\/strong>. In den n\u00e4chsten Monaten werden wir dort zudem die Geschichte von socialnet in einem Zeitstrahl darstellen.<\/p>\n<p>Werfen Sie einen Blick auf <a href=\"https:\/\/20-jahre-socialnet.de\" data-wpel-link=\"external\" target=\"_self\" rel=\"external noopener noreferrer\" title=\"Externer Link zu: \" class=\"wpel-icon-right\">https:\/\/20-jahre-socialnet.de<i class=\"wpel-icon fa fa-external-link-square\" aria-hidden=\"true\"><\/i><\/a>!<\/p><\/blockquote>\n<p><a href=\"https:\/\/www.socialnet.de\/editorials\/auf-was-werden-wir-in-20-jahren-zurueckblicken.html\" data-wpel-link=\"external\" target=\"_self\" rel=\"external noopener noreferrer\" title=\"Externer Link zu: \" class=\"wpel-icon-right\">Lesen Sie das ganze Editorial<i class=\"wpel-icon fa fa-external-link-square\" aria-hidden=\"true\"><\/i><\/a>, es lohnt sich.<\/p>\n<p>Ich w\u00fcnsche socialnet auf diesem Wege weitere 20 erfolgreiche Jahre.<\/p>\n","protected":false},"excerpt":{"rendered":"<p>Als Mitgesellschafter und langj\u00e4hriges Teammitglied von socialnet ber\u00fchrt mich dieses Jubil\u00e4um in ganz besonderer Weise. Christian Koch hat in seinem Editorial in diesem Monat einen R\u00fcckblick und Ausblick formuliert, der &#8230; <\/p>\n<p class=\"read-more-container\"><a title=\"20 Jahre socialnet!\" class=\"read-more button\" href=\"https:\/\/kulturmanagement-online.de\/daniel\/2019\/04\/09\/20-jahre-socialnet\/#more-284\" aria-label=\"Mehr Informationen \u00fcber 20 Jahre socialnet!\" data-wpel-link=\"internal\">Read more<\/a><\/p>\n","protected":false},"author":2,"featured_media":285,"comment_status":"closed","ping_status":"closed","sticky":false,"template":"","format":"standard","meta":{"inline_featured_image":false,"_uag_custom_page_level_css":"","jetpack_post_was_ever_published":false,"_jetpack_newsletter_access":"","_jetpack_dont_email_post_to_subs":false,"_jetpack_newsletter_tier_id":0,"_jetpack_memberships_contains_paywalled_content":false,"_jetpack_memberships_contains_paid_content":false,"footnotes":""},"categories":[1,3],"tags":[6],"class_list":["post-284","post","type-post","status-publish","format-standard","has-post-thumbnail","hentry","category-digitales","category-partner","tag-socialnet"],"jetpack_featured_media_url":"https:\/\/i0.wp.com\/kulturmanagement-online.de\/daniel\/files\/2019\/04\/2019-04-09-21_00_28-20-Jahre-socialnet-%E2%80%93-Die-Website-zum-Jubil%C3%A4um.png?fit=1916%2C1011&ssl=1","uagb_featured_image_src":{"full":["https:\/\/i0.wp.com\/kulturmanagement-online.de\/daniel\/files\/2019\/04\/2019-04-09-21_00_28-20-Jahre-socialnet-%E2%80%93-Die-Website-zum-Jubil%C3%A4um.png?fit=1916%2C1011&ssl=1",1916,1011,false],"thumbnail":["https:\/\/i0.wp.com\/kulturmanagement-online.de\/daniel\/files\/2019\/04\/2019-04-09-21_00_28-20-Jahre-socialnet-%E2%80%93-Die-Website-zum-Jubil%C3%A4um.png?resize=150%2C150&ssl=1",150,150,true],"medium":["https:\/\/i0.wp.com\/kulturmanagement-online.de\/daniel\/files\/2019\/04\/2019-04-09-21_00_28-20-Jahre-socialnet-%E2%80%93-Die-Website-zum-Jubil%C3%A4um.png?fit=300%2C158&ssl=1",300,158,true],"medium_large":["https:\/\/i0.wp.com\/kulturmanagement-online.de\/daniel\/files\/2019\/04\/2019-04-09-21_00_28-20-Jahre-socialnet-%E2%80%93-Die-Website-zum-Jubil%C3%A4um.png?fit=768%2C405&ssl=1",768,405,true],"large":["https:\/\/i0.wp.com\/kulturmanagement-online.de\/daniel\/files\/2019\/04\/2019-04-09-21_00_28-20-Jahre-socialnet-%E2%80%93-Die-Website-zum-Jubil%C3%A4um.png?fit=1024%2C540&ssl=1",1024,540,true],"1536x1536":["https:\/\/i0.wp.com\/kulturmanagement-online.de\/daniel\/files\/2019\/04\/2019-04-09-21_00_28-20-Jahre-socialnet-%E2%80%93-Die-Website-zum-Jubil%C3%A4um.png?fit=1536%2C810&ssl=1",1536,810,true],"2048x2048":["https:\/\/i0.wp.com\/kulturmanagement-online.de\/daniel\/files\/2019\/04\/2019-04-09-21_00_28-20-Jahre-socialnet-%E2%80%93-Die-Website-zum-Jubil%C3%A4um.png?fit=1916%2C1011&ssl=1",1916,1011,true]},"uagb_author_info":{"display_name":"D.","author_link":"https:\/\/kulturmanagement-online.de\/daniel\/author\/daniel\/"},"uagb_comment_info":0,"uagb_excerpt":"Als Mitgesellschafter und langj\u00e4hriges Teammitglied von socialnet ber\u00fchrt mich dieses Jubil\u00e4um in ganz besonderer Weise. Christian Koch hat in seinem Editorial in diesem Monat einen R\u00fcckblick und Ausblick formuliert, der ... Read more","jetpack_shortlink":"https:\/\/wp.me\/p8KGV1-4A","jetpack-related-posts":[{"id":260,"url":"https:\/\/kulturmanagement-online.de\/daniel\/2017\/11\/01\/runde-zahlen-bei-der-socialnet-gmbh\/","url_meta":{"origin":284,"position":0},"title":"Runde Zahlen bei der socialnet GmbH","author":"D.","date":"1. November 2017","format":false,"excerpt":"Als Mitgesellschafter der socialnet GmbH berichte ich gerne \u00fcber den aktuellen Entwicklungsstand einzelner Bereiche. Vor kurzem wurde eine Pressemitteilung zum Stand des Informationsportals ver\u00f6ffentlicht: socialnet bietet seit 1999 kostenlosen Zugang zu Fachinformationen f\u00fcr das Sozial- und Gesundheitswesen. Das Hauptportal www.socialnet.de bietet Fachbuchbesprechungen von \u201eAltenpflege\u201c bis \u201eSozialmanagement\u201c, Materialien von der Arbeitshilfe\u2026","rel":"","context":"In &quot;Partner&quot;","block_context":{"text":"Partner","link":"https:\/\/kulturmanagement-online.de\/daniel\/category\/partner\/"},"img":{"alt_text":"Screenshot socialnet website","src":"https:\/\/i0.wp.com\/kulturmanagement-online.de\/daniel\/files\/2017\/11\/Screenshot-socialnet.png?fit=1200%2C633&ssl=1&resize=350%2C200","width":350,"height":200,"srcset":"https:\/\/i0.wp.com\/kulturmanagement-online.de\/daniel\/files\/2017\/11\/Screenshot-socialnet.png?fit=1200%2C633&ssl=1&resize=350%2C200 1x, https:\/\/i0.wp.com\/kulturmanagement-online.de\/daniel\/files\/2017\/11\/Screenshot-socialnet.png?fit=1200%2C633&ssl=1&resize=525%2C300 1.5x, https:\/\/i0.wp.com\/kulturmanagement-online.de\/daniel\/files\/2017\/11\/Screenshot-socialnet.png?fit=1200%2C633&ssl=1&resize=700%2C400 2x, https:\/\/i0.wp.com\/kulturmanagement-online.de\/daniel\/files\/2017\/11\/Screenshot-socialnet.png?fit=1200%2C633&ssl=1&resize=1050%2C600 3x"},"classes":[]},{"id":201,"url":"https:\/\/kulturmanagement-online.de\/daniel\/2017\/05\/31\/social-software-de-relaunch\/","url_meta":{"origin":284,"position":1},"title":"social-software.de &#8211; Relaunch","author":"D.","date":"31. Mai 2017","format":false,"excerpt":"Im Jahre 2005 gr\u00fcndete ich das Portal social-software.de. Anders als der Name erwarten l\u00e4sst, ging es um eine Markt\u00fcbersicht f\u00fcr Software-Anwendungen im Sozial- und Gesundheitswesen. 2013 \u00fcbergab ich das Portal an Uwe Huchler. Am heutigen Tag wurde ein Relaunch ver\u00f6ffentlicht und die Technik an zeitgem\u00e4\u00dfe Standards angepa\u00dft. Viel Erfolg weiterhin.\u2026","rel":"","context":"In &quot;Partner&quot;","block_context":{"text":"Partner","link":"https:\/\/kulturmanagement-online.de\/daniel\/category\/partner\/"},"img":{"alt_text":"Screenshot social-software.de","src":"https:\/\/i0.wp.com\/kulturmanagement-online.de\/daniel\/files\/2017\/05\/2017-05-31-21_33_06-Startseite-_-social-software.de_.png?fit=1174%2C550&ssl=1&resize=350%2C200","width":350,"height":200,"srcset":"https:\/\/i0.wp.com\/kulturmanagement-online.de\/daniel\/files\/2017\/05\/2017-05-31-21_33_06-Startseite-_-social-software.de_.png?fit=1174%2C550&ssl=1&resize=350%2C200 1x, https:\/\/i0.wp.com\/kulturmanagement-online.de\/daniel\/files\/2017\/05\/2017-05-31-21_33_06-Startseite-_-social-software.de_.png?fit=1174%2C550&ssl=1&resize=525%2C300 1.5x, https:\/\/i0.wp.com\/kulturmanagement-online.de\/daniel\/files\/2017\/05\/2017-05-31-21_33_06-Startseite-_-social-software.de_.png?fit=1174%2C550&ssl=1&resize=700%2C400 2x, https:\/\/i0.wp.com\/kulturmanagement-online.de\/daniel\/files\/2017\/05\/2017-05-31-21_33_06-Startseite-_-social-software.de_.png?fit=1174%2C550&ssl=1&resize=1050%2C600 3x"},"classes":[]},{"id":289,"url":"https:\/\/kulturmanagement-online.de\/daniel\/2019\/07\/28\/mediathek-mit-digitalen-werkzeugen-und-tellerand-kompakt\/","url_meta":{"origin":284,"position":2},"title":"Mediathek mit digitalen Werkzeugen und Tellerand.kompakt","author":"D.","date":"28. Juli 2019","format":false,"excerpt":"Digitalisierung stellt viele Organisationen vor scheinbar unl\u00f6sbare Schwierigkeiten. Im Rahmen meiner T\u00e4tigkeit beim Kuratorium Deutsche Altershilfe im Rahmen des Projekts Forum Seniorenarbeit NRW - Digitale Ideen f\u00fcr Sozialraum und Nachbarschaft bauen wir zur Zeit\u00a0 eine Mediathek auf, in der wir erfolgversprechende Werkzeuge sammeln, die Referenzprojekte in sozialen Arbeitsfeldern bzw. der\u2026","rel":"","context":"In &quot;Digitales&quot;","block_context":{"text":"Digitales","link":"https:\/\/kulturmanagement-online.de\/daniel\/category\/digitales\/"},"img":{"alt_text":"Werkzeuge","src":"https:\/\/i0.wp.com\/kulturmanagement-online.de\/daniel\/files\/2019\/07\/tools-155856.png?fit=1200%2C798&ssl=1&resize=350%2C200","width":350,"height":200,"srcset":"https:\/\/i0.wp.com\/kulturmanagement-online.de\/daniel\/files\/2019\/07\/tools-155856.png?fit=1200%2C798&ssl=1&resize=350%2C200 1x, https:\/\/i0.wp.com\/kulturmanagement-online.de\/daniel\/files\/2019\/07\/tools-155856.png?fit=1200%2C798&ssl=1&resize=525%2C300 1.5x, https:\/\/i0.wp.com\/kulturmanagement-online.de\/daniel\/files\/2019\/07\/tools-155856.png?fit=1200%2C798&ssl=1&resize=700%2C400 2x, https:\/\/i0.wp.com\/kulturmanagement-online.de\/daniel\/files\/2019\/07\/tools-155856.png?fit=1200%2C798&ssl=1&resize=1050%2C600 3x"},"classes":[]},{"id":251,"url":"https:\/\/kulturmanagement-online.de\/daniel\/2017\/08\/02\/rundbrief-stadtteilarbeit\/","url_meta":{"origin":284,"position":3},"title":"Rundbrief Stadtteilarbeit","author":"D.","date":"2. August 2017","format":false,"excerpt":"Leider kann ich der Einladung zur Vorstellung des Konzepts von unser-quartier.de auf der Jahrestagung Stadtteilarbeit: \u201eNetze nutzen! im sozialen und im digitalen Raum\u201c am 18. und 19. Oktober nach M\u00fcnchen nicht folgen, da wir in unserem Projekt zeitgleich die j\u00e4hrliche Herbstakademie unter dem Titel \"Selbstbestimmt freiwillig!?\" in Duisburg veranstalten. Als\u2026","rel":"","context":"In &quot;Ver\u00f6ffentlichungen&quot;","block_context":{"text":"Ver\u00f6ffentlichungen","link":"https:\/\/kulturmanagement-online.de\/daniel\/category\/veroeffentlichungen\/"},"img":{"alt_text":"Jahrestagung Verband f\u00fcr sozial-kulturelle Arbeit e.V.","src":"https:\/\/i0.wp.com\/kulturmanagement-online.de\/daniel\/files\/2017\/08\/Jahrestagung-Verband-f%C3%BCr-sozial-kulturelle-Arbeit-ev-700.jpg?fit=700%2C372&ssl=1&resize=350%2C200","width":350,"height":200,"srcset":"https:\/\/i0.wp.com\/kulturmanagement-online.de\/daniel\/files\/2017\/08\/Jahrestagung-Verband-f%C3%BCr-sozial-kulturelle-Arbeit-ev-700.jpg?fit=700%2C372&ssl=1&resize=350%2C200 1x, https:\/\/i0.wp.com\/kulturmanagement-online.de\/daniel\/files\/2017\/08\/Jahrestagung-Verband-f%C3%BCr-sozial-kulturelle-Arbeit-ev-700.jpg?fit=700%2C372&ssl=1&resize=525%2C300 1.5x, https:\/\/i0.wp.com\/kulturmanagement-online.de\/daniel\/files\/2017\/08\/Jahrestagung-Verband-f%C3%BCr-sozial-kulturelle-Arbeit-ev-700.jpg?fit=700%2C372&ssl=1&resize=700%2C400 2x"},"classes":[]},{"id":298,"url":"https:\/\/kulturmanagement-online.de\/daniel\/2020\/10\/05\/meine-toolbox-eure-meinung\/","url_meta":{"origin":284,"position":4},"title":"Meine Toolbox &#8211; Eure Meinung","author":"D.","date":"5. Oktober 2020","format":false,"excerpt":"In Corona-Zeiten findet man Sie \u00fcberall. Werkzeugkisten mit horrenden Versprechungen, versteckten Afiiliate-Links oder kopierte Listen von anderen. Ich bin in dieser Zeit auch in mich gegangen und habe \u00fcberlegt, was k\u00f6nnten sinnvolle Werkzeuge f\u00fcr meine Kunden und Interessierte aus sozialen, lehrenden und kulturellen Arbeitsfeldern sein. Insbesondere kleine Vereine und Organisationen\u2026","rel":"","context":"In &quot;Digitales&quot;","block_context":{"text":"Digitales","link":"https:\/\/kulturmanagement-online.de\/daniel\/category\/digitales\/"},"img":{"alt_text":"Meine Toolbox - Eure Meinung","src":"https:\/\/i0.wp.com\/kulturmanagement-online.de\/daniel\/files\/2020\/10\/tux-161507.png?fit=1200%2C1191&ssl=1&resize=350%2C200","width":350,"height":200,"srcset":"https:\/\/i0.wp.com\/kulturmanagement-online.de\/daniel\/files\/2020\/10\/tux-161507.png?fit=1200%2C1191&ssl=1&resize=350%2C200 1x, https:\/\/i0.wp.com\/kulturmanagement-online.de\/daniel\/files\/2020\/10\/tux-161507.png?fit=1200%2C1191&ssl=1&resize=525%2C300 1.5x, https:\/\/i0.wp.com\/kulturmanagement-online.de\/daniel\/files\/2020\/10\/tux-161507.png?fit=1200%2C1191&ssl=1&resize=700%2C400 2x, https:\/\/i0.wp.com\/kulturmanagement-online.de\/daniel\/files\/2020\/10\/tux-161507.png?fit=1200%2C1191&ssl=1&resize=1050%2C600 3x"},"classes":[]},{"id":263,"url":"https:\/\/kulturmanagement-online.de\/daniel\/2018\/01\/22\/die-digitalisierungswelle-erfasst-auch-die-seniorenarbeit-mit-stellenausschreibung\/","url_meta":{"origin":284,"position":5},"title":"Die Digitalisierungswelle erfasst auch die Seniorenarbeit (mit Stellenausschreibung)","author":"D.","date":"22. Januar 2018","format":false,"excerpt":"Ende letzten Jahres nahm ich an einigen Arbeitsgruppe und Beir\u00e4ten teil, die deutlich machen, dass die Digitalisierungswelle nun auch auf die Seniorenarbeit zukommt. Das Themenspektrum ist breit und reicht von der Neuausrichtung von Bildungsszenarien f\u00fcr die Zielgruppe \u00e4lterer Menschen bis hin zu konkreteren Themen, wie Nachbarschaftsarbeit f\u00fcr \u00c4ltere auch durch\u2026","rel":"","context":"In &quot;Digitales&quot;","block_context":{"text":"Digitales","link":"https:\/\/kulturmanagement-online.de\/daniel\/category\/digitales\/"},"img":{"alt_text":"Zahnr\u00e4der im Netzwerk","src":"https:\/\/i0.wp.com\/kulturmanagement-online.de\/daniel\/files\/2018\/01\/business-2082639.jpg?fit=1200%2C675&ssl=1&resize=350%2C200","width":350,"height":200,"srcset":"https:\/\/i0.wp.com\/kulturmanagement-online.de\/daniel\/files\/2018\/01\/business-2082639.jpg?fit=1200%2C675&ssl=1&resize=350%2C200 1x, https:\/\/i0.wp.com\/kulturmanagement-online.de\/daniel\/files\/2018\/01\/business-2082639.jpg?fit=1200%2C675&ssl=1&resize=525%2C300 1.5x, https:\/\/i0.wp.com\/kulturmanagement-online.de\/daniel\/files\/2018\/01\/business-2082639.jpg?fit=1200%2C675&ssl=1&resize=700%2C400 2x, https:\/\/i0.wp.com\/kulturmanagement-online.de\/daniel\/files\/2018\/01\/business-2082639.jpg?fit=1200%2C675&ssl=1&resize=1050%2C600 3x"},"classes":[]}],"jetpack_sharing_enabled":true,"_links":{"self":[{"href":"https:\/\/kulturmanagement-online.de\/daniel\/wp-json\/wp\/v2\/posts\/284","targetHints":{"allow":["GET"]}}],"collection":[{"href":"https:\/\/kulturmanagement-online.de\/daniel\/wp-json\/wp\/v2\/posts"}],"about":[{"href":"https:\/\/kulturmanagement-online.de\/daniel\/wp-json\/wp\/v2\/types\/post"}],"author":[{"embeddable":true,"href":"https:\/\/kulturmanagement-online.de\/daniel\/wp-json\/wp\/v2\/users\/2"}],"replies":[{"embeddable":true,"href":"https:\/\/kulturmanagement-online.de\/daniel\/wp-json\/wp\/v2\/comments?post=284"}],"version-history":[{"count":0,"href":"https:\/\/kulturmanagement-online.de\/daniel\/wp-json\/wp\/v2\/posts\/284\/revisions"}],"wp:featuredmedia":[{"embeddable":true,"href":"https:\/\/kulturmanagement-online.de\/daniel\/wp-json\/wp\/v2\/media\/285"}],"wp:attachment":[{"href":"https:\/\/kulturmanagement-online.de\/daniel\/wp-json\/wp\/v2\/media?parent=284"}],"wp:term":[{"taxonomy":"category","embeddable":true,"href":"https:\/\/kulturmanagement-online.de\/daniel\/wp-json\/wp\/v2\/categories?post=284"},{"taxonomy":"post_tag","embeddable":true,"href":"https:\/\/kulturmanagement-online.de\/daniel\/wp-json\/wp\/v2\/tags?post=284"}],"curies":[{"name":"wp","href":"https:\/\/api.w.org\/{rel}","templated":true}]}}