{"id":289,"date":"2019-07-28T17:37:59","date_gmt":"2019-07-28T15:37:59","guid":{"rendered":"https:\/\/kulturmanagement-online.de\/daniel\/?p=289"},"modified":"2019-07-28T17:39:13","modified_gmt":"2019-07-28T15:39:13","slug":"mediathek-mit-digitalen-werkzeugen-und-tellerand-kompakt","status":"publish","type":"post","link":"https:\/\/kulturmanagement-online.de\/daniel\/2019\/07\/28\/mediathek-mit-digitalen-werkzeugen-und-tellerand-kompakt\/","title":{"rendered":"Mediathek mit digitalen Werkzeugen und Tellerand.kompakt"},"content":{"rendered":"<p>Digitalisierung stellt viele Organisationen vor scheinbar unl\u00f6sbare Schwierigkeiten. Im Rahmen meiner T\u00e4tigkeit beim Kuratorium Deutsche Altershilfe im Rahmen des Projekts<strong> Forum Seniorenarbeit NRW &#8211; Digitale Ideen f\u00fcr Sozialraum und Nachbarschaft<\/strong> bauen wir zur Zeit\u00a0 eine Mediathek auf, in der wir erfolgversprechende Werkzeuge sammeln, die Referenzprojekte in sozialen Arbeitsfeldern bzw. der Arbeit mit \u00e4lteren Menschen vorweisen.<!--more--><\/p>\n<p>https:\/\/forum-seniorenarbeit.de\/mediathek\/<\/p>\n<p>In einem neuen Format &#8222;Tellerrand.kompakt &#8211; Denkanst\u00f6\u00dfe und Fundst\u00fccke zu digitalen Themen der Seniorenarbeit&#8220; pr\u00e4sentieren wir dort auch digitale Themen, denen wir in unserem Arbeitsalltag begegnen. Oft sind es Projekte, Websites oder Services von denen wir glauben, dass sie interessant sind, aber entweder nicht so ganz richtig zu unserem Angebot passen oder wir gespannt sind, ob sie halten werden was sie versprechen. Schaut mal rein.<\/p>\n<p><a href=\"https:\/\/forum-seniorenarbeit.de\/kategorie\/tellerrand-kompakt\/\" data-wpel-link=\"external\" target=\"_self\" rel=\"external noopener noreferrer\" title=\"Externer Link zu: \" class=\"wpel-icon-right\">Bisherige Ausgaben &#8222;Tellerrand.kompakt&#8220;.<i class=\"wpel-icon fa fa-external-link-square\" aria-hidden=\"true\"><\/i><\/a><\/p>\n<p><a href=\"https:\/\/forum-seniorenarbeit.de\/digitales\" data-wpel-link=\"external\" target=\"_self\" rel=\"external noopener noreferrer\" title=\"Externer Link zu: \" class=\"wpel-icon-right\">Themenportal Digitalisierung des Forum Seniorenarbeit<i class=\"wpel-icon fa fa-external-link-square\" aria-hidden=\"true\"><\/i><\/a><\/p>\n<p style=\"text-align: right;\">Foto: <a href=\"https:\/\/pixabay.com\/de\/vectors\/werkzeuge-zimmerei-blau-silhouetten-155856\/\" data-wpel-link=\"external\" target=\"_self\" rel=\"external noopener noreferrer\" title=\"Externer Link zu: \" class=\"wpel-icon-right\">Pixabay<i class=\"wpel-icon fa fa-external-link-square\" aria-hidden=\"true\"><\/i><\/a><\/p>\n","protected":false},"excerpt":{"rendered":"<p>Digitalisierung stellt viele Organisationen vor scheinbar unl\u00f6sbare Schwierigkeiten. Im Rahmen meiner T\u00e4tigkeit beim Kuratorium Deutsche Altershilfe im Rahmen des Projekts Forum Seniorenarbeit NRW &#8211; Digitale Ideen f\u00fcr Sozialraum und Nachbarschaft &#8230; <\/p>\n<p class=\"read-more-container\"><a title=\"Mediathek mit digitalen Werkzeugen und Tellerand.kompakt\" class=\"read-more button\" href=\"https:\/\/kulturmanagement-online.de\/daniel\/2019\/07\/28\/mediathek-mit-digitalen-werkzeugen-und-tellerand-kompakt\/#more-289\" aria-label=\"Mehr Informationen \u00fcber Mediathek mit digitalen Werkzeugen und Tellerand.kompakt\" data-wpel-link=\"internal\">Read more<\/a><\/p>\n","protected":false},"author":2,"featured_media":291,"comment_status":"closed","ping_status":"closed","sticky":false,"template":"","format":"standard","meta":{"inline_featured_image":false,"_uag_custom_page_level_css":"","jetpack_post_was_ever_published":false,"_jetpack_newsletter_access":"","_jetpack_dont_email_post_to_subs":false,"_jetpack_newsletter_tier_id":0,"_jetpack_memberships_contains_paywalled_content":false,"_jetpack_memberships_contains_paid_content":false,"footnotes":""},"categories":[1],"tags":[28,8,25],"class_list":["post-289","post","type-post","status-publish","format-standard","has-post-thumbnail","hentry","category-digitales","tag-forum-seniorenarbeit-nrw","tag-kda","tag-quartiersplattformen"],"jetpack_featured_media_url":"https:\/\/i0.wp.com\/kulturmanagement-online.de\/daniel\/files\/2019\/07\/tools-155856.png?fit=1920%2C1277&ssl=1","uagb_featured_image_src":{"full":["https:\/\/i0.wp.com\/kulturmanagement-online.de\/daniel\/files\/2019\/07\/tools-155856.png?fit=1920%2C1277&ssl=1",1920,1277,false],"thumbnail":["https:\/\/i0.wp.com\/kulturmanagement-online.de\/daniel\/files\/2019\/07\/tools-155856.png?resize=150%2C150&ssl=1",150,150,true],"medium":["https:\/\/i0.wp.com\/kulturmanagement-online.de\/daniel\/files\/2019\/07\/tools-155856.png?fit=300%2C200&ssl=1",300,200,true],"medium_large":["https:\/\/i0.wp.com\/kulturmanagement-online.de\/daniel\/files\/2019\/07\/tools-155856.png?fit=768%2C511&ssl=1",768,511,true],"large":["https:\/\/i0.wp.com\/kulturmanagement-online.de\/daniel\/files\/2019\/07\/tools-155856.png?fit=1024%2C681&ssl=1",1024,681,true],"1536x1536":["https:\/\/i0.wp.com\/kulturmanagement-online.de\/daniel\/files\/2019\/07\/tools-155856.png?fit=1536%2C1022&ssl=1",1536,1022,true],"2048x2048":["https:\/\/i0.wp.com\/kulturmanagement-online.de\/daniel\/files\/2019\/07\/tools-155856.png?fit=1920%2C1277&ssl=1",1920,1277,true]},"uagb_author_info":{"display_name":"D.","author_link":"https:\/\/kulturmanagement-online.de\/daniel\/author\/daniel\/"},"uagb_comment_info":0,"uagb_excerpt":"Digitalisierung stellt viele Organisationen vor scheinbar unl\u00f6sbare Schwierigkeiten. Im Rahmen meiner T\u00e4tigkeit beim Kuratorium Deutsche Altershilfe im Rahmen des Projekts Forum Seniorenarbeit NRW &#8211; Digitale Ideen f\u00fcr Sozialraum und Nachbarschaft ... Read more","jetpack_shortlink":"https:\/\/wp.me\/p8KGV1-4F","jetpack-related-posts":[{"id":263,"url":"https:\/\/kulturmanagement-online.de\/daniel\/2018\/01\/22\/die-digitalisierungswelle-erfasst-auch-die-seniorenarbeit-mit-stellenausschreibung\/","url_meta":{"origin":289,"position":0},"title":"Die Digitalisierungswelle erfasst auch die Seniorenarbeit (mit Stellenausschreibung)","author":"D.","date":"22. Januar 2018","format":false,"excerpt":"Ende letzten Jahres nahm ich an einigen Arbeitsgruppe und Beir\u00e4ten teil, die deutlich machen, dass die Digitalisierungswelle nun auch auf die Seniorenarbeit zukommt. Das Themenspektrum ist breit und reicht von der Neuausrichtung von Bildungsszenarien f\u00fcr die Zielgruppe \u00e4lterer Menschen bis hin zu konkreteren Themen, wie Nachbarschaftsarbeit f\u00fcr \u00c4ltere auch durch\u2026","rel":"","context":"In &quot;Digitales&quot;","block_context":{"text":"Digitales","link":"https:\/\/kulturmanagement-online.de\/daniel\/category\/digitales\/"},"img":{"alt_text":"Zahnr\u00e4der im Netzwerk","src":"https:\/\/i0.wp.com\/kulturmanagement-online.de\/daniel\/files\/2018\/01\/business-2082639.jpg?fit=1200%2C675&ssl=1&resize=350%2C200","width":350,"height":200,"srcset":"https:\/\/i0.wp.com\/kulturmanagement-online.de\/daniel\/files\/2018\/01\/business-2082639.jpg?fit=1200%2C675&ssl=1&resize=350%2C200 1x, https:\/\/i0.wp.com\/kulturmanagement-online.de\/daniel\/files\/2018\/01\/business-2082639.jpg?fit=1200%2C675&ssl=1&resize=525%2C300 1.5x, https:\/\/i0.wp.com\/kulturmanagement-online.de\/daniel\/files\/2018\/01\/business-2082639.jpg?fit=1200%2C675&ssl=1&resize=700%2C400 2x, https:\/\/i0.wp.com\/kulturmanagement-online.de\/daniel\/files\/2018\/01\/business-2082639.jpg?fit=1200%2C675&ssl=1&resize=1050%2C600 3x"},"classes":[]},{"id":257,"url":"https:\/\/kulturmanagement-online.de\/daniel\/2017\/09\/22\/rehacare-kongress-2017-wir-fuers-quartier\/","url_meta":{"origin":289,"position":1},"title":"REHACARE-Kongress 2017 &#8222;Wir f\u00fcrs Quartier&#8220;","author":"D.","date":"22. September 2017","format":false,"excerpt":"Am 6. Oktober 2017 im Messe- und Kongresszentrum D\u00fcsseldorf habe ich die M\u00f6glichkeit das Projekt unser-quartier.de im Rahmen von Thementischen mit Fachpublikum, insbesondere unter Aspekten der Nachhaltigkeit, zu diskutieren. Im angegliederten Quartiersmarkt wird das Forum Seniorenarbeit mit einem Infostand vertreten sein. Tisch 5: Technische Modelle f\u00fcrs Quartier Virtuelle Quartiersportale -\u2026","rel":"","context":"In &quot;Referate, Workshops und Gremien&quot;","block_context":{"text":"Referate, Workshops und Gremien","link":"https:\/\/kulturmanagement-online.de\/daniel\/category\/referate-und-workshops\/"},"img":{"alt_text":"Logo des REHACARE Kongress 2017","src":"https:\/\/i0.wp.com\/kulturmanagement-online.de\/daniel\/files\/2017\/09\/Logo-REHACARE-Kongress-2017.jpg?fit=500%2C250&ssl=1&resize=350%2C200","width":350,"height":200},"classes":[]},{"id":235,"url":"https:\/\/kulturmanagement-online.de\/daniel\/2017\/05\/12\/workshop-gewinnung-von-freiwilligen-fuer-die-quartiersarbeit\/","url_meta":{"origin":289,"position":2},"title":"Workshop Gewinnung von Freiwilligen f\u00fcr die Quartiersarbeit","author":"D.","date":"12. Mai 2017","format":false,"excerpt":"Das Thema ist zur Zeit sehr attraktiv. Der heutige Workshop im Rahmen der Praxiswerkst\u00e4tten des Landesb\u00fcros Altengerechte Quartiere.NRW fand im MGEPA statt. Die Teilnehmenden waren vorrangig hauptamtliche aus der Seniorenarbeit. Die Dokumentation finden Sie in K\u00fcrze auf der Website des AQ NRW.","rel":"","context":"In &quot;Referate, Workshops und Gremien&quot;","block_context":{"text":"Referate, Workshops und Gremien","link":"https:\/\/kulturmanagement-online.de\/daniel\/category\/referate-und-workshops\/"},"img":{"alt_text":"Screenshot Webiste des AQ NRW","src":"https:\/\/i0.wp.com\/kulturmanagement-online.de\/daniel\/files\/2017\/06\/2017-06-03-12_09_49-Altengerechte-Quartiere-_-Altengerechte-Quartiere.NRW_.png?fit=1002%2C548&ssl=1&resize=350%2C200","width":350,"height":200,"srcset":"https:\/\/i0.wp.com\/kulturmanagement-online.de\/daniel\/files\/2017\/06\/2017-06-03-12_09_49-Altengerechte-Quartiere-_-Altengerechte-Quartiere.NRW_.png?fit=1002%2C548&ssl=1&resize=350%2C200 1x, https:\/\/i0.wp.com\/kulturmanagement-online.de\/daniel\/files\/2017\/06\/2017-06-03-12_09_49-Altengerechte-Quartiere-_-Altengerechte-Quartiere.NRW_.png?fit=1002%2C548&ssl=1&resize=525%2C300 1.5x, https:\/\/i0.wp.com\/kulturmanagement-online.de\/daniel\/files\/2017\/06\/2017-06-03-12_09_49-Altengerechte-Quartiere-_-Altengerechte-Quartiere.NRW_.png?fit=1002%2C548&ssl=1&resize=700%2C400 2x"},"classes":[]},{"id":217,"url":"https:\/\/kulturmanagement-online.de\/daniel\/2017\/01\/15\/fachartikel-in-der-nun-reden-wir\/","url_meta":{"origin":289,"position":3},"title":"Fachartikel in der Nun Reden Wir","author":"D.","date":"15. Januar 2017","format":false,"excerpt":"In dieser Woche erschien in der Zeitschrift Nun Reden Wir (Ausgabe 98) der Landesseniorenvertretung NRW ein Fachbeitrag unter dem Titel \"Anteil haben an der digitalen Gesellschaft und sie mitgestalten - Aktuelle Trends in der Internetnutzung \u00e4lterer Menschen\". Nachzulesen auf der Website des LSV NRW Eine aktualisierte\/\u00fcberarbeitete Version im Web","rel":"","context":"In &quot;Ver\u00f6ffentlichungen&quot;","block_context":{"text":"Ver\u00f6ffentlichungen","link":"https:\/\/kulturmanagement-online.de\/daniel\/category\/veroeffentlichungen\/"},"img":{"alt_text":"Screen einer Ver\u00f6ffentlichung","src":"https:\/\/i0.wp.com\/kulturmanagement-online.de\/daniel\/files\/2017\/05\/2017-05-31-21_04_18-NRW_Ausgabe_98.pdf-Adobe-Acrobat-Pro.png?fit=674%2C510&ssl=1&resize=350%2C200","width":350,"height":200,"srcset":"https:\/\/i0.wp.com\/kulturmanagement-online.de\/daniel\/files\/2017\/05\/2017-05-31-21_04_18-NRW_Ausgabe_98.pdf-Adobe-Acrobat-Pro.png?fit=674%2C510&ssl=1&resize=350%2C200 1x, https:\/\/i0.wp.com\/kulturmanagement-online.de\/daniel\/files\/2017\/05\/2017-05-31-21_04_18-NRW_Ausgabe_98.pdf-Adobe-Acrobat-Pro.png?fit=674%2C510&ssl=1&resize=525%2C300 1.5x"},"classes":[]},{"id":245,"url":"https:\/\/kulturmanagement-online.de\/daniel\/2017\/07\/09\/weitere-arbeitsgruppen-und-beiraete-im-junijuli\/","url_meta":{"origin":289,"position":4},"title":"Weitere Arbeitsgruppen und Beir\u00e4te im Juni\/Juli","author":"D.","date":"9. Juli 2017","format":false,"excerpt":"In den letzten Wochen war ich viel unterwegs. Zwei interessante Arbeitsgruppen \/ Beir\u00e4te in denen ich f\u00fcr das KDA mitwirke, m\u00f6chte ich gerne kurz vorstellen: Die AG Neue Medien der BAGSO tagt zweimal im Jahr zu aktuellen Themen. Der Beirat des Projekts Verbraucherscouts NRW der Verbraucherzentrale NRW.","rel":"","context":"In &quot;Referate, Workshops und Gremien&quot;","block_context":{"text":"Referate, Workshops und Gremien","link":"https:\/\/kulturmanagement-online.de\/daniel\/category\/referate-und-workshops\/"},"img":{"alt_text":"Konferenztisch","src":"https:\/\/i0.wp.com\/kulturmanagement-online.de\/daniel\/files\/2017\/07\/conference-1886023_1920.jpg?fit=1200%2C800&ssl=1&resize=350%2C200","width":350,"height":200,"srcset":"https:\/\/i0.wp.com\/kulturmanagement-online.de\/daniel\/files\/2017\/07\/conference-1886023_1920.jpg?fit=1200%2C800&ssl=1&resize=350%2C200 1x, https:\/\/i0.wp.com\/kulturmanagement-online.de\/daniel\/files\/2017\/07\/conference-1886023_1920.jpg?fit=1200%2C800&ssl=1&resize=525%2C300 1.5x, https:\/\/i0.wp.com\/kulturmanagement-online.de\/daniel\/files\/2017\/07\/conference-1886023_1920.jpg?fit=1200%2C800&ssl=1&resize=700%2C400 2x, https:\/\/i0.wp.com\/kulturmanagement-online.de\/daniel\/files\/2017\/07\/conference-1886023_1920.jpg?fit=1200%2C800&ssl=1&resize=1050%2C600 3x"},"classes":[]},{"id":230,"url":"https:\/\/kulturmanagement-online.de\/daniel\/2017\/03\/27\/start-ws-digibe-2017\/","url_meta":{"origin":289,"position":5},"title":"Start WS DigiBE 2017","author":"D.","date":"27. M\u00e4rz 2017","format":false,"excerpt":"In K\u00f6ln startete heute der 10. Workshop zum Aufbau von Quartiersplattformen im Rahmen des Netzwerks Engagement \u00e4lterer Menschen in der Digitalen Gesellschaft. In 8 Tandems arbeiten wir in den n\u00e4chsten Wochen an den Projekten der Beteiligten. Die N\u00e4chste Workshoprunde startet im September in Haltern am See. Links zum Thema: Website\u2026","rel":"","context":"In &quot;Referate, Workshops und Gremien&quot;","block_context":{"text":"Referate, Workshops und Gremien","link":"https:\/\/kulturmanagement-online.de\/daniel\/category\/referate-und-workshops\/"},"img":{"alt_text":"Screenshot des Musterportals","src":"https:\/\/i0.wp.com\/kulturmanagement-online.de\/daniel\/files\/2017\/03\/2017-06-03-11_31_21-Unser-Quartier-Musterstadt-%E2%80%93-Gut-leben-im-Alter.png?fit=574%2C489&ssl=1&resize=350%2C200","width":350,"height":200,"srcset":"https:\/\/i0.wp.com\/kulturmanagement-online.de\/daniel\/files\/2017\/03\/2017-06-03-11_31_21-Unser-Quartier-Musterstadt-%E2%80%93-Gut-leben-im-Alter.png?fit=574%2C489&ssl=1&resize=350%2C200 1x, https:\/\/i0.wp.com\/kulturmanagement-online.de\/daniel\/files\/2017\/03\/2017-06-03-11_31_21-Unser-Quartier-Musterstadt-%E2%80%93-Gut-leben-im-Alter.png?fit=574%2C489&ssl=1&resize=525%2C300 1.5x"},"classes":[]}],"jetpack_sharing_enabled":true,"_links":{"self":[{"href":"https:\/\/kulturmanagement-online.de\/daniel\/wp-json\/wp\/v2\/posts\/289","targetHints":{"allow":["GET"]}}],"collection":[{"href":"https:\/\/kulturmanagement-online.de\/daniel\/wp-json\/wp\/v2\/posts"}],"about":[{"href":"https:\/\/kulturmanagement-online.de\/daniel\/wp-json\/wp\/v2\/types\/post"}],"author":[{"embeddable":true,"href":"https:\/\/kulturmanagement-online.de\/daniel\/wp-json\/wp\/v2\/users\/2"}],"replies":[{"embeddable":true,"href":"https:\/\/kulturmanagement-online.de\/daniel\/wp-json\/wp\/v2\/comments?post=289"}],"version-history":[{"count":0,"href":"https:\/\/kulturmanagement-online.de\/daniel\/wp-json\/wp\/v2\/posts\/289\/revisions"}],"wp:featuredmedia":[{"embeddable":true,"href":"https:\/\/kulturmanagement-online.de\/daniel\/wp-json\/wp\/v2\/media\/291"}],"wp:attachment":[{"href":"https:\/\/kulturmanagement-online.de\/daniel\/wp-json\/wp\/v2\/media?parent=289"}],"wp:term":[{"taxonomy":"category","embeddable":true,"href":"https:\/\/kulturmanagement-online.de\/daniel\/wp-json\/wp\/v2\/categories?post=289"},{"taxonomy":"post_tag","embeddable":true,"href":"https:\/\/kulturmanagement-online.de\/daniel\/wp-json\/wp\/v2\/tags?post=289"}],"curies":[{"name":"wp","href":"https:\/\/api.w.org\/{rel}","templated":true}]}}