{"id":298,"date":"2020-10-05T20:33:36","date_gmt":"2020-10-05T18:33:36","guid":{"rendered":"https:\/\/kulturmanagement-online.de\/daniel\/?p=298"},"modified":"2020-10-05T20:33:38","modified_gmt":"2020-10-05T18:33:38","slug":"meine-toolbox-eure-meinung","status":"publish","type":"post","link":"https:\/\/kulturmanagement-online.de\/daniel\/2020\/10\/05\/meine-toolbox-eure-meinung\/","title":{"rendered":"Meine Toolbox &#8211; Eure Meinung"},"content":{"rendered":"\n<p>In Corona-Zeiten findet man Sie \u00fcberall. Werkzeugkisten mit horrenden Versprechungen, versteckten Afiiliate-Links oder kopierte Listen von anderen. Ich bin in dieser Zeit auch in mich gegangen und habe \u00fcberlegt, was k\u00f6nnten sinnvolle Werkzeuge f\u00fcr meine Kunden und Interessierte aus sozialen, lehrenden und kulturellen Arbeitsfeldern sein.<\/p>\n\n\n\n<p>Insbesondere kleine Vereine und Organisationen verf\u00fcgen h\u00e4ufig nicht \u00fcber ausreichende Budgets, um eigene gro\u00df angelegte Infrastrukturen aufzubauen.<\/p>\n\n\n\n<p>Alle hier aufgef\u00fchrten Werkzeuge gibt es in einer kostenlosen Version, die bereits einen echten Mehrwert, \u00fcber das Lock-Angebot hinaus haben. Viele sind Open-Source und\/oder k\u00f6nnten auf eigenen Servern betrieben werden.<\/p>\n\n\n\n<p>Manche sind sehr spezielle Tools, die auch eine l\u00e4ngere Einarbeitung erfordern, andere erf\u00fcllen eine spezielle Aufgabe sehr direkt. Lasst Euch \u00fcberraschen und schaut sie Euch in Ruhe einmal an.<\/p>\n\n\n\n<figure class=\"wp-block-embed-wordpress wp-block-embed is-type-wp-embed is-provider-kulturmanagement-online-de\"><div class=\"wp-block-embed__wrapper\">\n<blockquote class=\"wp-embedded-content\" data-secret=\"hsYQIZRCEZ\"><a href=\"https:\/\/kulturmanagement-online.de\/tools\/\" data-wpel-link=\"external\" target=\"_self\" rel=\"external noopener noreferrer\" title=\"Externer Link zu: \" class=\"wpel-icon-right\">Toolbox @ Work<i class=\"wpel-icon fa fa-external-link-square\" aria-hidden=\"true\"><\/i><\/a><\/blockquote><iframe loading=\"lazy\" class=\"wp-embedded-content\" sandbox=\"allow-scripts\" security=\"restricted\" style=\"position: absolute; visibility: hidden;\" title=\"&#8222;Toolbox @ Work&#8220; &#8211; kulturmanagement-online.de\" src=\"https:\/\/kulturmanagement-online.de\/tools\/embed\/#?secret=Zk0wWoJTbA#?secret=hsYQIZRCEZ\" data-secret=\"hsYQIZRCEZ\" width=\"600\" height=\"338\" frameborder=\"0\" marginwidth=\"0\" marginheight=\"0\" scrolling=\"no\"><\/iframe>\n<\/div><\/figure>\n\n\n\n<p>\u00dcber ein Feedback und vielleicht sogar die Nennung weiterer\/neuer Werkzeuge, w\u00fcrde ich mich sehr freuen. Hierzu l\u00e4uft bis zum Jahresende noch eine kleine Umfrage mit dem Tool Tricider:<\/p>\n\n\n\n<p><a href=\"http:\/\/www.tricider.com\/brainstorming\/2xWkKF4TsRp\" data-wpel-link=\"external\" target=\"_self\" rel=\"external noopener noreferrer\" title=\"Externer Link zu: \" class=\"wpel-icon-right\">Zur Umfrage auf Tricider<i class=\"wpel-icon fa fa-external-link-square\" aria-hidden=\"true\"><\/i><\/a><\/p>\n\n\n\n<p class=\"has-text-align-right\"><small>Bild: <a href=\"https:\/\/pixabay.com\/users\/openclipart-vectors-30363\/?utm_source=link-attribution&amp;utm_medium=referral&amp;utm_campaign=image&amp;utm_content=161507\" data-wpel-link=\"external\" target=\"_self\" rel=\"external noopener noreferrer\" title=\"Externer Link zu: \" class=\"wpel-icon-right\">OpenClipart-Vectors<i class=\"wpel-icon fa fa-external-link-square\" aria-hidden=\"true\"><\/i><\/a> von <a href=\"https:\/\/pixabay.com\/?utm_source=link-attribution&amp;utm_medium=referral&amp;utm_campaign=image&amp;utm_content=161507\" data-wpel-link=\"external\" target=\"_self\" rel=\"external noopener noreferrer\" title=\"Externer Link zu: \" class=\"wpel-icon-right\">Pixabay<i class=\"wpel-icon fa fa-external-link-square\" aria-hidden=\"true\"><\/i><\/a><\/small><\/p>\n","protected":false},"excerpt":{"rendered":"<p>In Corona-Zeiten findet man Sie \u00fcberall. Werkzeugkisten mit horrenden Versprechungen, versteckten Afiiliate-Links oder kopierte Listen von anderen. Ich bin in dieser Zeit auch in mich gegangen und habe \u00fcberlegt, was &#8230; <\/p>\n<p class=\"read-more-container\"><a title=\"Meine Toolbox &#8211; Eure Meinung\" class=\"read-more button\" href=\"https:\/\/kulturmanagement-online.de\/daniel\/2020\/10\/05\/meine-toolbox-eure-meinung\/#more-298\" aria-label=\"Mehr Informationen \u00fcber Meine Toolbox &#8211; Eure Meinung\" data-wpel-link=\"internal\">Read more<\/a><\/p>\n","protected":false},"author":2,"featured_media":300,"comment_status":"closed","ping_status":"closed","sticky":false,"template":"","format":"standard","meta":{"inline_featured_image":false,"_uag_custom_page_level_css":"","jetpack_post_was_ever_published":false,"_jetpack_newsletter_access":"","_jetpack_dont_email_post_to_subs":false,"_jetpack_newsletter_tier_id":0,"_jetpack_memberships_contains_paywalled_content":false,"_jetpack_memberships_contains_paid_content":false,"footnotes":""},"categories":[1,4],"tags":[30,31,32,29,34],"class_list":["post-298","post","type-post","status-publish","format-standard","has-post-thumbnail","hentry","category-digitales","category-veroeffentlichungen","tag-digitale-werkzeuge","tag-fort-und-weiterbildung","tag-open-source","tag-toolbox","tag-webmaster"],"jetpack_featured_media_url":"https:\/\/i0.wp.com\/kulturmanagement-online.de\/daniel\/files\/2020\/10\/tux-161507.png?fit=1920%2C1905&ssl=1","uagb_featured_image_src":{"full":["https:\/\/i0.wp.com\/kulturmanagement-online.de\/daniel\/files\/2020\/10\/tux-161507.png?fit=1920%2C1905&ssl=1",1920,1905,false],"thumbnail":["https:\/\/i0.wp.com\/kulturmanagement-online.de\/daniel\/files\/2020\/10\/tux-161507.png?resize=150%2C150&ssl=1",150,150,true],"medium":["https:\/\/i0.wp.com\/kulturmanagement-online.de\/daniel\/files\/2020\/10\/tux-161507.png?fit=300%2C298&ssl=1",300,298,true],"medium_large":["https:\/\/i0.wp.com\/kulturmanagement-online.de\/daniel\/files\/2020\/10\/tux-161507.png?fit=768%2C762&ssl=1",768,762,true],"large":["https:\/\/i0.wp.com\/kulturmanagement-online.de\/daniel\/files\/2020\/10\/tux-161507.png?fit=1024%2C1016&ssl=1",1024,1016,true],"1536x1536":["https:\/\/i0.wp.com\/kulturmanagement-online.de\/daniel\/files\/2020\/10\/tux-161507.png?fit=1536%2C1524&ssl=1",1536,1524,true],"2048x2048":["https:\/\/i0.wp.com\/kulturmanagement-online.de\/daniel\/files\/2020\/10\/tux-161507.png?fit=1920%2C1905&ssl=1",1920,1905,true]},"uagb_author_info":{"display_name":"D.","author_link":"https:\/\/kulturmanagement-online.de\/daniel\/author\/daniel\/"},"uagb_comment_info":0,"uagb_excerpt":"In Corona-Zeiten findet man Sie \u00fcberall. Werkzeugkisten mit horrenden Versprechungen, versteckten Afiiliate-Links oder kopierte Listen von anderen. Ich bin in dieser Zeit auch in mich gegangen und habe \u00fcberlegt, was ... Read more","jetpack_shortlink":"https:\/\/wp.me\/p8KGV1-4O","jetpack-related-posts":[{"id":304,"url":"https:\/\/kulturmanagement-online.de\/daniel\/2021\/01\/16\/toolbox-2-0\/","url_meta":{"origin":298,"position":0},"title":"Toolbox 2.0","author":"D.","date":"16. Januar 2021","format":false,"excerpt":"In den letzten Wochen habe ich meine pers\u00f6nliche Toolbox angefangen online zu ver\u00f6ffentlichen. \u00dcber Weihnachten habe ich sie in eine Datenbankanwendung \u00fcberf\u00fchrt und erweitert. In der Zusammenarbeit mit NPOs merke ich immer wieder, dass es an pers\u00f6nlichen Technik-Kompetenzen, finanziellen Mitteln und Zeit fehlt, aufwendige Online-Projekte zu realisieren. Vielleicht ist meine\u2026","rel":"","context":"In &quot;Digitales&quot;","block_context":{"text":"Digitales","link":"https:\/\/kulturmanagement-online.de\/daniel\/category\/digitales\/"},"img":{"alt_text":"Illustration KM Toolbox","src":"https:\/\/i0.wp.com\/kulturmanagement-online.de\/daniel\/files\/2021\/01\/Beitragsillustration-Toolbox-2021.png?fit=1200%2C630&ssl=1&resize=350%2C200","width":350,"height":200,"srcset":"https:\/\/i0.wp.com\/kulturmanagement-online.de\/daniel\/files\/2021\/01\/Beitragsillustration-Toolbox-2021.png?fit=1200%2C630&ssl=1&resize=350%2C200 1x, https:\/\/i0.wp.com\/kulturmanagement-online.de\/daniel\/files\/2021\/01\/Beitragsillustration-Toolbox-2021.png?fit=1200%2C630&ssl=1&resize=525%2C300 1.5x, https:\/\/i0.wp.com\/kulturmanagement-online.de\/daniel\/files\/2021\/01\/Beitragsillustration-Toolbox-2021.png?fit=1200%2C630&ssl=1&resize=700%2C400 2x, https:\/\/i0.wp.com\/kulturmanagement-online.de\/daniel\/files\/2021\/01\/Beitragsillustration-Toolbox-2021.png?fit=1200%2C630&ssl=1&resize=1050%2C600 3x"},"classes":[]},{"id":289,"url":"https:\/\/kulturmanagement-online.de\/daniel\/2019\/07\/28\/mediathek-mit-digitalen-werkzeugen-und-tellerand-kompakt\/","url_meta":{"origin":298,"position":1},"title":"Mediathek mit digitalen Werkzeugen und Tellerand.kompakt","author":"D.","date":"28. Juli 2019","format":false,"excerpt":"Digitalisierung stellt viele Organisationen vor scheinbar unl\u00f6sbare Schwierigkeiten. Im Rahmen meiner T\u00e4tigkeit beim Kuratorium Deutsche Altershilfe im Rahmen des Projekts Forum Seniorenarbeit NRW - Digitale Ideen f\u00fcr Sozialraum und Nachbarschaft bauen wir zur Zeit\u00a0 eine Mediathek auf, in der wir erfolgversprechende Werkzeuge sammeln, die Referenzprojekte in sozialen Arbeitsfeldern bzw. der\u2026","rel":"","context":"In &quot;Digitales&quot;","block_context":{"text":"Digitales","link":"https:\/\/kulturmanagement-online.de\/daniel\/category\/digitales\/"},"img":{"alt_text":"Werkzeuge","src":"https:\/\/i0.wp.com\/kulturmanagement-online.de\/daniel\/files\/2019\/07\/tools-155856.png?fit=1200%2C798&ssl=1&resize=350%2C200","width":350,"height":200,"srcset":"https:\/\/i0.wp.com\/kulturmanagement-online.de\/daniel\/files\/2019\/07\/tools-155856.png?fit=1200%2C798&ssl=1&resize=350%2C200 1x, https:\/\/i0.wp.com\/kulturmanagement-online.de\/daniel\/files\/2019\/07\/tools-155856.png?fit=1200%2C798&ssl=1&resize=525%2C300 1.5x, https:\/\/i0.wp.com\/kulturmanagement-online.de\/daniel\/files\/2019\/07\/tools-155856.png?fit=1200%2C798&ssl=1&resize=700%2C400 2x, https:\/\/i0.wp.com\/kulturmanagement-online.de\/daniel\/files\/2019\/07\/tools-155856.png?fit=1200%2C798&ssl=1&resize=1050%2C600 3x"},"classes":[]},{"id":260,"url":"https:\/\/kulturmanagement-online.de\/daniel\/2017\/11\/01\/runde-zahlen-bei-der-socialnet-gmbh\/","url_meta":{"origin":298,"position":2},"title":"Runde Zahlen bei der socialnet GmbH","author":"D.","date":"1. November 2017","format":false,"excerpt":"Als Mitgesellschafter der socialnet GmbH berichte ich gerne \u00fcber den aktuellen Entwicklungsstand einzelner Bereiche. Vor kurzem wurde eine Pressemitteilung zum Stand des Informationsportals ver\u00f6ffentlicht: socialnet bietet seit 1999 kostenlosen Zugang zu Fachinformationen f\u00fcr das Sozial- und Gesundheitswesen. Das Hauptportal www.socialnet.de bietet Fachbuchbesprechungen von \u201eAltenpflege\u201c bis \u201eSozialmanagement\u201c, Materialien von der Arbeitshilfe\u2026","rel":"","context":"In &quot;Partner&quot;","block_context":{"text":"Partner","link":"https:\/\/kulturmanagement-online.de\/daniel\/category\/partner\/"},"img":{"alt_text":"Screenshot socialnet website","src":"https:\/\/i0.wp.com\/kulturmanagement-online.de\/daniel\/files\/2017\/11\/Screenshot-socialnet.png?fit=1200%2C633&ssl=1&resize=350%2C200","width":350,"height":200,"srcset":"https:\/\/i0.wp.com\/kulturmanagement-online.de\/daniel\/files\/2017\/11\/Screenshot-socialnet.png?fit=1200%2C633&ssl=1&resize=350%2C200 1x, https:\/\/i0.wp.com\/kulturmanagement-online.de\/daniel\/files\/2017\/11\/Screenshot-socialnet.png?fit=1200%2C633&ssl=1&resize=525%2C300 1.5x, https:\/\/i0.wp.com\/kulturmanagement-online.de\/daniel\/files\/2017\/11\/Screenshot-socialnet.png?fit=1200%2C633&ssl=1&resize=700%2C400 2x, https:\/\/i0.wp.com\/kulturmanagement-online.de\/daniel\/files\/2017\/11\/Screenshot-socialnet.png?fit=1200%2C633&ssl=1&resize=1050%2C600 3x"},"classes":[]},{"id":263,"url":"https:\/\/kulturmanagement-online.de\/daniel\/2018\/01\/22\/die-digitalisierungswelle-erfasst-auch-die-seniorenarbeit-mit-stellenausschreibung\/","url_meta":{"origin":298,"position":3},"title":"Die Digitalisierungswelle erfasst auch die Seniorenarbeit (mit Stellenausschreibung)","author":"D.","date":"22. Januar 2018","format":false,"excerpt":"Ende letzten Jahres nahm ich an einigen Arbeitsgruppe und Beir\u00e4ten teil, die deutlich machen, dass die Digitalisierungswelle nun auch auf die Seniorenarbeit zukommt. Das Themenspektrum ist breit und reicht von der Neuausrichtung von Bildungsszenarien f\u00fcr die Zielgruppe \u00e4lterer Menschen bis hin zu konkreteren Themen, wie Nachbarschaftsarbeit f\u00fcr \u00c4ltere auch durch\u2026","rel":"","context":"In &quot;Digitales&quot;","block_context":{"text":"Digitales","link":"https:\/\/kulturmanagement-online.de\/daniel\/category\/digitales\/"},"img":{"alt_text":"Zahnr\u00e4der im Netzwerk","src":"https:\/\/i0.wp.com\/kulturmanagement-online.de\/daniel\/files\/2018\/01\/business-2082639.jpg?fit=1200%2C675&ssl=1&resize=350%2C200","width":350,"height":200,"srcset":"https:\/\/i0.wp.com\/kulturmanagement-online.de\/daniel\/files\/2018\/01\/business-2082639.jpg?fit=1200%2C675&ssl=1&resize=350%2C200 1x, https:\/\/i0.wp.com\/kulturmanagement-online.de\/daniel\/files\/2018\/01\/business-2082639.jpg?fit=1200%2C675&ssl=1&resize=525%2C300 1.5x, https:\/\/i0.wp.com\/kulturmanagement-online.de\/daniel\/files\/2018\/01\/business-2082639.jpg?fit=1200%2C675&ssl=1&resize=700%2C400 2x, https:\/\/i0.wp.com\/kulturmanagement-online.de\/daniel\/files\/2018\/01\/business-2082639.jpg?fit=1200%2C675&ssl=1&resize=1050%2C600 3x"},"classes":[]},{"id":284,"url":"https:\/\/kulturmanagement-online.de\/daniel\/2019\/04\/09\/20-jahre-socialnet\/","url_meta":{"origin":298,"position":4},"title":"20 Jahre socialnet!","author":"D.","date":"9. April 2019","format":false,"excerpt":"Als Mitgesellschafter und langj\u00e4hriges Teammitglied von socialnet ber\u00fchrt mich dieses Jubil\u00e4um in ganz besonderer Weise. Christian Koch hat in seinem Editorial in diesem Monat einen R\u00fcckblick und Ausblick formuliert, der die vielen unbekannten Variablen aufzeigt und eine nicht ganz normale Firmengeschichte skizziert, die im sozialen Sektor ihresgleichen sucht. F\u00fcr mich\u2026","rel":"","context":"In &quot;Digitales&quot;","block_context":{"text":"Digitales","link":"https:\/\/kulturmanagement-online.de\/daniel\/category\/digitales\/"},"img":{"alt_text":"Screenshot der Startseite","src":"https:\/\/i0.wp.com\/kulturmanagement-online.de\/daniel\/files\/2019\/04\/2019-04-09-21_00_28-20-Jahre-socialnet-%E2%80%93-Die-Website-zum-Jubil%C3%A4um.png?fit=1200%2C633&ssl=1&resize=350%2C200","width":350,"height":200,"srcset":"https:\/\/i0.wp.com\/kulturmanagement-online.de\/daniel\/files\/2019\/04\/2019-04-09-21_00_28-20-Jahre-socialnet-%E2%80%93-Die-Website-zum-Jubil%C3%A4um.png?fit=1200%2C633&ssl=1&resize=350%2C200 1x, https:\/\/i0.wp.com\/kulturmanagement-online.de\/daniel\/files\/2019\/04\/2019-04-09-21_00_28-20-Jahre-socialnet-%E2%80%93-Die-Website-zum-Jubil%C3%A4um.png?fit=1200%2C633&ssl=1&resize=525%2C300 1.5x, https:\/\/i0.wp.com\/kulturmanagement-online.de\/daniel\/files\/2019\/04\/2019-04-09-21_00_28-20-Jahre-socialnet-%E2%80%93-Die-Website-zum-Jubil%C3%A4um.png?fit=1200%2C633&ssl=1&resize=700%2C400 2x, https:\/\/i0.wp.com\/kulturmanagement-online.de\/daniel\/files\/2019\/04\/2019-04-09-21_00_28-20-Jahre-socialnet-%E2%80%93-Die-Website-zum-Jubil%C3%A4um.png?fit=1200%2C633&ssl=1&resize=1050%2C600 3x"},"classes":[]},{"id":239,"url":"https:\/\/kulturmanagement-online.de\/daniel\/2017\/06\/09\/neue-kampagnenwebsite-und-socialmedia-realisiert\/","url_meta":{"origin":298,"position":5},"title":"Neue Kampagnenwebsite und Socialmedia realisiert","author":"D.","date":"9. Juni 2017","format":false,"excerpt":"Heute habe ich eine neue Website f\u00fcr die Tour Demenz der Landesinitiative Demenz-Service NRW freigeschaltet. Angegliedert sind zwei Socialmediakan\u00e4le: Facebook und Twitter.Besonderheit sind News-Abo per E-Mail, Geo-Blog, Google-Mapsintegration und Anmeldeformulare sowie deren dynamische Ausgabe mittels Contactform 7. In den n\u00e4chsten Wochen wird es den redaktionellen Ausbau und die Gewinnung von\u2026","rel":"","context":"In &quot;Digitales&quot;","block_context":{"text":"Digitales","link":"https:\/\/kulturmanagement-online.de\/daniel\/category\/digitales\/"},"img":{"alt_text":"Screenshot Tour Demenz","src":"https:\/\/i0.wp.com\/kulturmanagement-online.de\/daniel\/files\/2017\/06\/2017-06-09-17_38_48-tour-demenz.png?fit=1095%2C554&ssl=1&resize=350%2C200","width":350,"height":200,"srcset":"https:\/\/i0.wp.com\/kulturmanagement-online.de\/daniel\/files\/2017\/06\/2017-06-09-17_38_48-tour-demenz.png?fit=1095%2C554&ssl=1&resize=350%2C200 1x, https:\/\/i0.wp.com\/kulturmanagement-online.de\/daniel\/files\/2017\/06\/2017-06-09-17_38_48-tour-demenz.png?fit=1095%2C554&ssl=1&resize=525%2C300 1.5x, https:\/\/i0.wp.com\/kulturmanagement-online.de\/daniel\/files\/2017\/06\/2017-06-09-17_38_48-tour-demenz.png?fit=1095%2C554&ssl=1&resize=700%2C400 2x, https:\/\/i0.wp.com\/kulturmanagement-online.de\/daniel\/files\/2017\/06\/2017-06-09-17_38_48-tour-demenz.png?fit=1095%2C554&ssl=1&resize=1050%2C600 3x"},"classes":[]}],"jetpack_sharing_enabled":true,"_links":{"self":[{"href":"https:\/\/kulturmanagement-online.de\/daniel\/wp-json\/wp\/v2\/posts\/298","targetHints":{"allow":["GET"]}}],"collection":[{"href":"https:\/\/kulturmanagement-online.de\/daniel\/wp-json\/wp\/v2\/posts"}],"about":[{"href":"https:\/\/kulturmanagement-online.de\/daniel\/wp-json\/wp\/v2\/types\/post"}],"author":[{"embeddable":true,"href":"https:\/\/kulturmanagement-online.de\/daniel\/wp-json\/wp\/v2\/users\/2"}],"replies":[{"embeddable":true,"href":"https:\/\/kulturmanagement-online.de\/daniel\/wp-json\/wp\/v2\/comments?post=298"}],"version-history":[{"count":0,"href":"https:\/\/kulturmanagement-online.de\/daniel\/wp-json\/wp\/v2\/posts\/298\/revisions"}],"wp:featuredmedia":[{"embeddable":true,"href":"https:\/\/kulturmanagement-online.de\/daniel\/wp-json\/wp\/v2\/media\/300"}],"wp:attachment":[{"href":"https:\/\/kulturmanagement-online.de\/daniel\/wp-json\/wp\/v2\/media?parent=298"}],"wp:term":[{"taxonomy":"category","embeddable":true,"href":"https:\/\/kulturmanagement-online.de\/daniel\/wp-json\/wp\/v2\/categories?post=298"},{"taxonomy":"post_tag","embeddable":true,"href":"https:\/\/kulturmanagement-online.de\/daniel\/wp-json\/wp\/v2\/tags?post=298"}],"curies":[{"name":"wp","href":"https:\/\/api.w.org\/{rel}","templated":true}]}}