{"id":304,"date":"2021-01-16T17:52:08","date_gmt":"2021-01-16T16:52:08","guid":{"rendered":"https:\/\/kulturmanagement-online.de\/daniel\/?p=304"},"modified":"2021-01-16T17:52:11","modified_gmt":"2021-01-16T16:52:11","slug":"toolbox-2-0","status":"publish","type":"post","link":"https:\/\/kulturmanagement-online.de\/daniel\/2021\/01\/16\/toolbox-2-0\/","title":{"rendered":"Toolbox 2.0"},"content":{"rendered":"\n<p>In den letzten Wochen habe ich meine pers\u00f6nliche Toolbox angefangen online zu ver\u00f6ffentlichen. \u00dcber Weihnachten habe ich sie in eine Datenbankanwendung \u00fcberf\u00fchrt und erweitert. <\/p>\n\n\n\n<p>In der Zusammenarbeit mit NPOs merke ich immer wieder, dass es an pers\u00f6nlichen Technik-Kompetenzen, finanziellen Mitteln und Zeit fehlt, aufwendige Online-Projekte zu realisieren. Vielleicht ist meine Toolbox eine kleine Hilfe mit wenig Aufwand, die eine oder andere Idee zu realisieren.<\/p>\n\n\n\n<p>Ich habe im Laufe der Zeit einige Werkzeuge ausprobiert, die diese L\u00fccken schlie\u00dfen k\u00f6nnen und begonnen diese vorzustellen. Es kommen zuk\u00fcnftig in unregelm\u00e4\u00dfigen Abst\u00e4nden weitere dazu.<\/p>\n\n\n\n<p>Die Tools sind alphabetisch, durch eine Volltextsuche und ein Kategoriensystem recherchierbar.<\/p>\n\n\n\n<p>Die vorgestellten Werkzeuge sind entweder Open-Source oder geben in einer kostenlosen Variante einen Mehrwert f\u00fcr die t\u00e4gliche Arbeit. Ich danke allen, die sich an Entwicklungen beteiligen und Ihr Wissen, Ihre Kenntnisse oder Ihre Dienste bereitstellen.<\/p>\n\n\n\n<p><a href=\"https:\/\/kulturmanagement-online.de\/toolbox\/\" data-wpel-link=\"external\" target=\"_self\" rel=\"external noopener noreferrer\" title=\"Externer Link zu: \" class=\"wpel-icon-right\">Toolbox aufrufen<i class=\"wpel-icon fa fa-external-link-square\" aria-hidden=\"true\"><\/i><\/a> | <a href=\"https:\/\/kulturmanagement-online.de\/toolbox\/?wpv_aux_current_post_id=5408&amp;wpv_aux_parent_post_id=5408&amp;wpv_sort_orderby=post_date&amp;wpv_sort_order=desc&amp;wpv_sort_orderby_as=string&amp;wpv_view_count=5410\" data-wpel-link=\"external\" target=\"_self\" rel=\"external noopener noreferrer\" title=\"Externer Link zu: \" class=\"wpel-icon-right\">Neue Eintr\u00e4ge<i class=\"wpel-icon fa fa-external-link-square\" aria-hidden=\"true\"><\/i><\/a><\/p>\n","protected":false},"excerpt":{"rendered":"<p>In den letzten Wochen habe ich meine pers\u00f6nliche Toolbox angefangen online zu ver\u00f6ffentlichen. \u00dcber Weihnachten habe ich sie in eine Datenbankanwendung \u00fcberf\u00fchrt und erweitert. In der Zusammenarbeit mit NPOs merke &#8230; <\/p>\n<p class=\"read-more-container\"><a title=\"Toolbox 2.0\" class=\"read-more button\" href=\"https:\/\/kulturmanagement-online.de\/daniel\/2021\/01\/16\/toolbox-2-0\/#more-304\" aria-label=\"Mehr Informationen \u00fcber Toolbox 2.0\" data-wpel-link=\"internal\">Read more<\/a><\/p>\n","protected":false},"author":2,"featured_media":305,"comment_status":"closed","ping_status":"closed","sticky":false,"template":"","format":"standard","meta":{"inline_featured_image":false,"_uag_custom_page_level_css":"","jetpack_post_was_ever_published":false,"_jetpack_newsletter_access":"","_jetpack_dont_email_post_to_subs":false,"_jetpack_newsletter_tier_id":0,"_jetpack_memberships_contains_paywalled_content":false,"_jetpack_memberships_contains_paid_content":false,"footnotes":""},"categories":[1],"tags":[29,35],"class_list":["post-304","post","type-post","status-publish","format-standard","has-post-thumbnail","hentry","category-digitales","tag-toolbox","tag-werkzeuge"],"jetpack_featured_media_url":"https:\/\/i0.wp.com\/kulturmanagement-online.de\/daniel\/files\/2021\/01\/Beitragsillustration-Toolbox-2021.png?fit=1200%2C630&ssl=1","uagb_featured_image_src":{"full":["https:\/\/i0.wp.com\/kulturmanagement-online.de\/daniel\/files\/2021\/01\/Beitragsillustration-Toolbox-2021.png?fit=1200%2C630&ssl=1",1200,630,false],"thumbnail":["https:\/\/i0.wp.com\/kulturmanagement-online.de\/daniel\/files\/2021\/01\/Beitragsillustration-Toolbox-2021.png?resize=150%2C150&ssl=1",150,150,true],"medium":["https:\/\/i0.wp.com\/kulturmanagement-online.de\/daniel\/files\/2021\/01\/Beitragsillustration-Toolbox-2021.png?fit=300%2C158&ssl=1",300,158,true],"medium_large":["https:\/\/i0.wp.com\/kulturmanagement-online.de\/daniel\/files\/2021\/01\/Beitragsillustration-Toolbox-2021.png?fit=768%2C403&ssl=1",768,403,true],"large":["https:\/\/i0.wp.com\/kulturmanagement-online.de\/daniel\/files\/2021\/01\/Beitragsillustration-Toolbox-2021.png?fit=1024%2C538&ssl=1",1024,538,true],"1536x1536":["https:\/\/i0.wp.com\/kulturmanagement-online.de\/daniel\/files\/2021\/01\/Beitragsillustration-Toolbox-2021.png?fit=1200%2C630&ssl=1",1200,630,true],"2048x2048":["https:\/\/i0.wp.com\/kulturmanagement-online.de\/daniel\/files\/2021\/01\/Beitragsillustration-Toolbox-2021.png?fit=1200%2C630&ssl=1",1200,630,true]},"uagb_author_info":{"display_name":"D.","author_link":"https:\/\/kulturmanagement-online.de\/daniel\/author\/daniel\/"},"uagb_comment_info":0,"uagb_excerpt":"In den letzten Wochen habe ich meine pers\u00f6nliche Toolbox angefangen online zu ver\u00f6ffentlichen. \u00dcber Weihnachten habe ich sie in eine Datenbankanwendung \u00fcberf\u00fchrt und erweitert. In der Zusammenarbeit mit NPOs merke ... Read more","jetpack_shortlink":"https:\/\/wp.me\/p8KGV1-4U","jetpack-related-posts":[{"id":298,"url":"https:\/\/kulturmanagement-online.de\/daniel\/2020\/10\/05\/meine-toolbox-eure-meinung\/","url_meta":{"origin":304,"position":0},"title":"Meine Toolbox &#8211; Eure Meinung","author":"D.","date":"5. Oktober 2020","format":false,"excerpt":"In Corona-Zeiten findet man Sie \u00fcberall. Werkzeugkisten mit horrenden Versprechungen, versteckten Afiiliate-Links oder kopierte Listen von anderen. Ich bin in dieser Zeit auch in mich gegangen und habe \u00fcberlegt, was k\u00f6nnten sinnvolle Werkzeuge f\u00fcr meine Kunden und Interessierte aus sozialen, lehrenden und kulturellen Arbeitsfeldern sein. Insbesondere kleine Vereine und Organisationen\u2026","rel":"","context":"In &quot;Digitales&quot;","block_context":{"text":"Digitales","link":"https:\/\/kulturmanagement-online.de\/daniel\/category\/digitales\/"},"img":{"alt_text":"Meine Toolbox - Eure Meinung","src":"https:\/\/i0.wp.com\/kulturmanagement-online.de\/daniel\/files\/2020\/10\/tux-161507.png?fit=1200%2C1191&ssl=1&resize=350%2C200","width":350,"height":200,"srcset":"https:\/\/i0.wp.com\/kulturmanagement-online.de\/daniel\/files\/2020\/10\/tux-161507.png?fit=1200%2C1191&ssl=1&resize=350%2C200 1x, https:\/\/i0.wp.com\/kulturmanagement-online.de\/daniel\/files\/2020\/10\/tux-161507.png?fit=1200%2C1191&ssl=1&resize=525%2C300 1.5x, https:\/\/i0.wp.com\/kulturmanagement-online.de\/daniel\/files\/2020\/10\/tux-161507.png?fit=1200%2C1191&ssl=1&resize=700%2C400 2x, https:\/\/i0.wp.com\/kulturmanagement-online.de\/daniel\/files\/2020\/10\/tux-161507.png?fit=1200%2C1191&ssl=1&resize=1050%2C600 3x"},"classes":[]},{"id":289,"url":"https:\/\/kulturmanagement-online.de\/daniel\/2019\/07\/28\/mediathek-mit-digitalen-werkzeugen-und-tellerand-kompakt\/","url_meta":{"origin":304,"position":1},"title":"Mediathek mit digitalen Werkzeugen und Tellerand.kompakt","author":"D.","date":"28. Juli 2019","format":false,"excerpt":"Digitalisierung stellt viele Organisationen vor scheinbar unl\u00f6sbare Schwierigkeiten. Im Rahmen meiner T\u00e4tigkeit beim Kuratorium Deutsche Altershilfe im Rahmen des Projekts Forum Seniorenarbeit NRW - Digitale Ideen f\u00fcr Sozialraum und Nachbarschaft bauen wir zur Zeit\u00a0 eine Mediathek auf, in der wir erfolgversprechende Werkzeuge sammeln, die Referenzprojekte in sozialen Arbeitsfeldern bzw. der\u2026","rel":"","context":"In &quot;Digitales&quot;","block_context":{"text":"Digitales","link":"https:\/\/kulturmanagement-online.de\/daniel\/category\/digitales\/"},"img":{"alt_text":"Werkzeuge","src":"https:\/\/i0.wp.com\/kulturmanagement-online.de\/daniel\/files\/2019\/07\/tools-155856.png?fit=1200%2C798&ssl=1&resize=350%2C200","width":350,"height":200,"srcset":"https:\/\/i0.wp.com\/kulturmanagement-online.de\/daniel\/files\/2019\/07\/tools-155856.png?fit=1200%2C798&ssl=1&resize=350%2C200 1x, https:\/\/i0.wp.com\/kulturmanagement-online.de\/daniel\/files\/2019\/07\/tools-155856.png?fit=1200%2C798&ssl=1&resize=525%2C300 1.5x, https:\/\/i0.wp.com\/kulturmanagement-online.de\/daniel\/files\/2019\/07\/tools-155856.png?fit=1200%2C798&ssl=1&resize=700%2C400 2x, https:\/\/i0.wp.com\/kulturmanagement-online.de\/daniel\/files\/2019\/07\/tools-155856.png?fit=1200%2C798&ssl=1&resize=1050%2C600 3x"},"classes":[]},{"id":257,"url":"https:\/\/kulturmanagement-online.de\/daniel\/2017\/09\/22\/rehacare-kongress-2017-wir-fuers-quartier\/","url_meta":{"origin":304,"position":2},"title":"REHACARE-Kongress 2017 &#8222;Wir f\u00fcrs Quartier&#8220;","author":"D.","date":"22. September 2017","format":false,"excerpt":"Am 6. Oktober 2017 im Messe- und Kongresszentrum D\u00fcsseldorf habe ich die M\u00f6glichkeit das Projekt unser-quartier.de im Rahmen von Thementischen mit Fachpublikum, insbesondere unter Aspekten der Nachhaltigkeit, zu diskutieren. Im angegliederten Quartiersmarkt wird das Forum Seniorenarbeit mit einem Infostand vertreten sein. Tisch 5: Technische Modelle f\u00fcrs Quartier Virtuelle Quartiersportale -\u2026","rel":"","context":"In &quot;Referate, Workshops und Gremien&quot;","block_context":{"text":"Referate, Workshops und Gremien","link":"https:\/\/kulturmanagement-online.de\/daniel\/category\/referate-und-workshops\/"},"img":{"alt_text":"Logo des REHACARE Kongress 2017","src":"https:\/\/i0.wp.com\/kulturmanagement-online.de\/daniel\/files\/2017\/09\/Logo-REHACARE-Kongress-2017.jpg?fit=500%2C250&ssl=1&resize=350%2C200","width":350,"height":200},"classes":[]},{"id":263,"url":"https:\/\/kulturmanagement-online.de\/daniel\/2018\/01\/22\/die-digitalisierungswelle-erfasst-auch-die-seniorenarbeit-mit-stellenausschreibung\/","url_meta":{"origin":304,"position":3},"title":"Die Digitalisierungswelle erfasst auch die Seniorenarbeit (mit Stellenausschreibung)","author":"D.","date":"22. Januar 2018","format":false,"excerpt":"Ende letzten Jahres nahm ich an einigen Arbeitsgruppe und Beir\u00e4ten teil, die deutlich machen, dass die Digitalisierungswelle nun auch auf die Seniorenarbeit zukommt. Das Themenspektrum ist breit und reicht von der Neuausrichtung von Bildungsszenarien f\u00fcr die Zielgruppe \u00e4lterer Menschen bis hin zu konkreteren Themen, wie Nachbarschaftsarbeit f\u00fcr \u00c4ltere auch durch\u2026","rel":"","context":"In &quot;Digitales&quot;","block_context":{"text":"Digitales","link":"https:\/\/kulturmanagement-online.de\/daniel\/category\/digitales\/"},"img":{"alt_text":"Zahnr\u00e4der im Netzwerk","src":"https:\/\/i0.wp.com\/kulturmanagement-online.de\/daniel\/files\/2018\/01\/business-2082639.jpg?fit=1200%2C675&ssl=1&resize=350%2C200","width":350,"height":200,"srcset":"https:\/\/i0.wp.com\/kulturmanagement-online.de\/daniel\/files\/2018\/01\/business-2082639.jpg?fit=1200%2C675&ssl=1&resize=350%2C200 1x, https:\/\/i0.wp.com\/kulturmanagement-online.de\/daniel\/files\/2018\/01\/business-2082639.jpg?fit=1200%2C675&ssl=1&resize=525%2C300 1.5x, https:\/\/i0.wp.com\/kulturmanagement-online.de\/daniel\/files\/2018\/01\/business-2082639.jpg?fit=1200%2C675&ssl=1&resize=700%2C400 2x, https:\/\/i0.wp.com\/kulturmanagement-online.de\/daniel\/files\/2018\/01\/business-2082639.jpg?fit=1200%2C675&ssl=1&resize=1050%2C600 3x"},"classes":[]},{"id":239,"url":"https:\/\/kulturmanagement-online.de\/daniel\/2017\/06\/09\/neue-kampagnenwebsite-und-socialmedia-realisiert\/","url_meta":{"origin":304,"position":4},"title":"Neue Kampagnenwebsite und Socialmedia realisiert","author":"D.","date":"9. Juni 2017","format":false,"excerpt":"Heute habe ich eine neue Website f\u00fcr die Tour Demenz der Landesinitiative Demenz-Service NRW freigeschaltet. Angegliedert sind zwei Socialmediakan\u00e4le: Facebook und Twitter.Besonderheit sind News-Abo per E-Mail, Geo-Blog, Google-Mapsintegration und Anmeldeformulare sowie deren dynamische Ausgabe mittels Contactform 7. In den n\u00e4chsten Wochen wird es den redaktionellen Ausbau und die Gewinnung von\u2026","rel":"","context":"In &quot;Digitales&quot;","block_context":{"text":"Digitales","link":"https:\/\/kulturmanagement-online.de\/daniel\/category\/digitales\/"},"img":{"alt_text":"Screenshot Tour Demenz","src":"https:\/\/i0.wp.com\/kulturmanagement-online.de\/daniel\/files\/2017\/06\/2017-06-09-17_38_48-tour-demenz.png?fit=1095%2C554&ssl=1&resize=350%2C200","width":350,"height":200,"srcset":"https:\/\/i0.wp.com\/kulturmanagement-online.de\/daniel\/files\/2017\/06\/2017-06-09-17_38_48-tour-demenz.png?fit=1095%2C554&ssl=1&resize=350%2C200 1x, https:\/\/i0.wp.com\/kulturmanagement-online.de\/daniel\/files\/2017\/06\/2017-06-09-17_38_48-tour-demenz.png?fit=1095%2C554&ssl=1&resize=525%2C300 1.5x, https:\/\/i0.wp.com\/kulturmanagement-online.de\/daniel\/files\/2017\/06\/2017-06-09-17_38_48-tour-demenz.png?fit=1095%2C554&ssl=1&resize=700%2C400 2x, https:\/\/i0.wp.com\/kulturmanagement-online.de\/daniel\/files\/2017\/06\/2017-06-09-17_38_48-tour-demenz.png?fit=1095%2C554&ssl=1&resize=1050%2C600 3x"},"classes":[]},{"id":284,"url":"https:\/\/kulturmanagement-online.de\/daniel\/2019\/04\/09\/20-jahre-socialnet\/","url_meta":{"origin":304,"position":5},"title":"20 Jahre socialnet!","author":"D.","date":"9. April 2019","format":false,"excerpt":"Als Mitgesellschafter und langj\u00e4hriges Teammitglied von socialnet ber\u00fchrt mich dieses Jubil\u00e4um in ganz besonderer Weise. Christian Koch hat in seinem Editorial in diesem Monat einen R\u00fcckblick und Ausblick formuliert, der die vielen unbekannten Variablen aufzeigt und eine nicht ganz normale Firmengeschichte skizziert, die im sozialen Sektor ihresgleichen sucht. F\u00fcr mich\u2026","rel":"","context":"In &quot;Digitales&quot;","block_context":{"text":"Digitales","link":"https:\/\/kulturmanagement-online.de\/daniel\/category\/digitales\/"},"img":{"alt_text":"Screenshot der Startseite","src":"https:\/\/i0.wp.com\/kulturmanagement-online.de\/daniel\/files\/2019\/04\/2019-04-09-21_00_28-20-Jahre-socialnet-%E2%80%93-Die-Website-zum-Jubil%C3%A4um.png?fit=1200%2C633&ssl=1&resize=350%2C200","width":350,"height":200,"srcset":"https:\/\/i0.wp.com\/kulturmanagement-online.de\/daniel\/files\/2019\/04\/2019-04-09-21_00_28-20-Jahre-socialnet-%E2%80%93-Die-Website-zum-Jubil%C3%A4um.png?fit=1200%2C633&ssl=1&resize=350%2C200 1x, https:\/\/i0.wp.com\/kulturmanagement-online.de\/daniel\/files\/2019\/04\/2019-04-09-21_00_28-20-Jahre-socialnet-%E2%80%93-Die-Website-zum-Jubil%C3%A4um.png?fit=1200%2C633&ssl=1&resize=525%2C300 1.5x, https:\/\/i0.wp.com\/kulturmanagement-online.de\/daniel\/files\/2019\/04\/2019-04-09-21_00_28-20-Jahre-socialnet-%E2%80%93-Die-Website-zum-Jubil%C3%A4um.png?fit=1200%2C633&ssl=1&resize=700%2C400 2x, https:\/\/i0.wp.com\/kulturmanagement-online.de\/daniel\/files\/2019\/04\/2019-04-09-21_00_28-20-Jahre-socialnet-%E2%80%93-Die-Website-zum-Jubil%C3%A4um.png?fit=1200%2C633&ssl=1&resize=1050%2C600 3x"},"classes":[]}],"jetpack_sharing_enabled":true,"_links":{"self":[{"href":"https:\/\/kulturmanagement-online.de\/daniel\/wp-json\/wp\/v2\/posts\/304","targetHints":{"allow":["GET"]}}],"collection":[{"href":"https:\/\/kulturmanagement-online.de\/daniel\/wp-json\/wp\/v2\/posts"}],"about":[{"href":"https:\/\/kulturmanagement-online.de\/daniel\/wp-json\/wp\/v2\/types\/post"}],"author":[{"embeddable":true,"href":"https:\/\/kulturmanagement-online.de\/daniel\/wp-json\/wp\/v2\/users\/2"}],"replies":[{"embeddable":true,"href":"https:\/\/kulturmanagement-online.de\/daniel\/wp-json\/wp\/v2\/comments?post=304"}],"version-history":[{"count":0,"href":"https:\/\/kulturmanagement-online.de\/daniel\/wp-json\/wp\/v2\/posts\/304\/revisions"}],"wp:featuredmedia":[{"embeddable":true,"href":"https:\/\/kulturmanagement-online.de\/daniel\/wp-json\/wp\/v2\/media\/305"}],"wp:attachment":[{"href":"https:\/\/kulturmanagement-online.de\/daniel\/wp-json\/wp\/v2\/media?parent=304"}],"wp:term":[{"taxonomy":"category","embeddable":true,"href":"https:\/\/kulturmanagement-online.de\/daniel\/wp-json\/wp\/v2\/categories?post=304"},{"taxonomy":"post_tag","embeddable":true,"href":"https:\/\/kulturmanagement-online.de\/daniel\/wp-json\/wp\/v2\/tags?post=304"}],"curies":[{"name":"wp","href":"https:\/\/api.w.org\/{rel}","templated":true}]}}